{"id":7351,"date":"2025-04-11T04:46:43","date_gmt":"2025-04-11T02:46:43","guid":{"rendered":"https:\/\/oglasi.infooglasi.rs\/oglasi\/oglasivladicinhan\/vecina-profesora-gimnazije-jovan-skerlic-u-vladicinom-hanu-u-generalnom-strajku-oglasi-vladicin-han\/"},"modified":"2025-04-11T04:46:43","modified_gmt":"2025-04-11T02:46:43","slug":"vecina-profesora-gimnazije-jovan-skerlic-u-vladicinom-hanu-u-generalnom-strajku-oglasi-vladicin-han","status":"publish","type":"post","link":"https:\/\/oglasi.infooglasi.rs\/oglasi\/oglasivladicinhan\/vecina-profesora-gimnazije-jovan-skerlic-u-vladicinom-hanu-u-generalnom-strajku-oglasi-vladicin-han\/","title":{"rendered":"Ve\u0107ina profesora Gimnazije &#8220;Jovan Skerli\u0107&#8221; u Vladi\u010dinom Hanu u generalnom \u0161trajku &#8211; OGLASI VLADI\u010cIN HAN"},"content":{"rendered":"<p><img decoding=\"async\" src=\"https:\/\/slobodnarec.com\/wp-content\/uploads\/2025\/02\/image_2025-02-01_124019937.jpg\" \/><\/p>\n<div data-td-block-uid=\"tdi_104\">\n<div class=\"tdb-block-inner td-fix-index\">\n<p>VLADI\u010cIN HAN \u2013 Ve\u0107ina profesora Gimnazije \u201eJovan Skerli\u0107\u201c u Vladi\u010dinom Hanu se odazvala pozivu studenata na generalni \u0161trajk koji se odr\u017eava od 17. do 19. marta, i u tom periodu obustavljamo nastavu. Ovim \u010dinom \u017eelimo da poka\u017eemo na\u0161u podr\u0161ku i zalaganje za ispunjenje svih studentskih zahteva u potpunosti. Na svaki studentski poziv nastavi\u0107emo da se odazivamo, navodi se u saop\u0161tenju profesora ove gimnazije.<\/p>\n<p>\u201eRazlog koji je kod nas presudio da donesemo ovakvu odluku jeste upotreba zvu\u010dnog topa na mirne demonstrante koji su odavali po\u010dast \u017ertvama u padu nadstre\u0161nice 1. novembra 2024. godine. Upotrebu bilo kakvog oru\u017eja protiv na\u0161eg naroda i na\u0161e dece smatramo apsolutno neprihvatljivom i krajnje monstruoznom\u201c, navode profesori u zajedni\u010dkom saop\u0161tenju za javnost.<\/p>\n<p>Pozivamo i ostale kolege u P\u010dinjskom okrugu da nam se priklju\u010de.<\/p>\n<p>\u201eOvo ne radimo samo za studente, ve\u0107 i za budu\u0107nost na\u0161e dece, kao i za dostojanstven i siguran \u017eivot svih mladih ljudi u na\u0161oj zemlji\u201c, zaklju\u010duju profesori Gimnazije \u201eJovan Skerli\u0107\u201c iz Vladi\u010dinog Hana.<\/p>\n<\/div>\n<\/div>\n<p><script type=\"text\/javascript\">\n!function(f,b,e,v,n,t,s){if(f.fbq)return;n=f.fbq=function(){n.callMethod?\nn.callMethod.apply(n,arguments):n.queue.push(arguments)};if(!f._fbq)f._fbq=n;\nn.push=n;n.loaded=!0;n.version='2.0';n.queue=[];t=b.createElement(e);t.async=!0;\nt.src=v;s=b.getElementsByTagName(e)[0];s.parentNode.insertBefore(t,s)}(window,\ndocument,'script','https:\/\/connect.facebook.net\/en_US\/fbevents.js?v=next');\n<\/script><br \/>\n<br \/><a href=\"https:\/\/slobodnarec.com\/vecina-profesora-gimnazije-jovan-skerlic-u-vladicinom-hanu-u-generalnom-strajku\/\" target=\"_blank\" rel=\"noopener\">Source link <\/a><br \/>\n\nVe\u0107ina profesora Gimnazije &#8220;Jovan Skerli\u0107&#8221; u Vladi\u010dinom Hanu u generalnom \u0161trajku<\/p>\n","protected":false},"excerpt":{"rendered":"<p>VLADI\u010cIN HAN \u2013 Ve\u0107ina profesora Gimnazije \u201eJovan Skerli\u0107\u201c u Vladi\u010dinom Hanu se odazvala pozivu studenata na generalni \u0161trajk koji se&hellip;<\/p>\n","protected":false},"author":1,"featured_media":7352,"comment_status":"open","ping_status":"open","sticky":false,"template":"","format":"standard","meta":{"footnotes":""},"categories":[1],"tags":[],"class_list":["post-7351","post","type-post","status-publish","format-standard","has-post-thumbnail","hentry","category-oglasi-vladicin-han"],"_links":{"self":[{"href":"https:\/\/oglasi.infooglasi.rs\/oglasi\/oglasivladicinhan\/wp-json\/wp\/v2\/posts\/7351","targetHints":{"allow":["GET"]}}],"collection":[{"href":"https:\/\/oglasi.infooglasi.rs\/oglasi\/oglasivladicinhan\/wp-json\/wp\/v2\/posts"}],"about":[{"href":"https:\/\/oglasi.infooglasi.rs\/oglasi\/oglasivladicinhan\/wp-json\/wp\/v2\/types\/post"}],"author":[{"embeddable":true,"href":"https:\/\/oglasi.infooglasi.rs\/oglasi\/oglasivladicinhan\/wp-json\/wp\/v2\/users\/1"}],"replies":[{"embeddable":true,"href":"https:\/\/oglasi.infooglasi.rs\/oglasi\/oglasivladicinhan\/wp-json\/wp\/v2\/comments?post=7351"}],"version-history":[{"count":0,"href":"https:\/\/oglasi.infooglasi.rs\/oglasi\/oglasivladicinhan\/wp-json\/wp\/v2\/posts\/7351\/revisions"}],"wp:featuredmedia":[{"embeddable":true,"href":"https:\/\/oglasi.infooglasi.rs\/oglasi\/oglasivladicinhan\/wp-json\/wp\/v2\/media\/7352"}],"wp:attachment":[{"href":"https:\/\/oglasi.infooglasi.rs\/oglasi\/oglasivladicinhan\/wp-json\/wp\/v2\/media?parent=7351"}],"wp:term":[{"taxonomy":"category","embeddable":true,"href":"https:\/\/oglasi.infooglasi.rs\/oglasi\/oglasivladicinhan\/wp-json\/wp\/v2\/categories?post=7351"},{"taxonomy":"post_tag","embeddable":true,"href":"https:\/\/oglasi.infooglasi.rs\/oglasi\/oglasivladicinhan\/wp-json\/wp\/v2\/tags?post=7351"}],"curies":[{"name":"wp","href":"https:\/\/api.w.org\/{rel}","templated":true}]}}