{"id":7353,"date":"2025-04-19T14:53:16","date_gmt":"2025-04-19T12:53:16","guid":{"rendered":"https:\/\/oglasi.infooglasi.rs\/oglasi\/oglasivladicinhan\/oglasio-se-mladenovic-povodom-incidenta-u-vladicinom-hanu-osudjujem-svaki-vid-nasilja-oglasi-vladicin-han\/"},"modified":"2025-04-19T14:53:16","modified_gmt":"2025-04-19T12:53:16","slug":"oglasio-se-mladenovic-povodom-incidenta-u-vladicinom-hanu-osudjujem-svaki-vid-nasilja-oglasi-vladicin-han","status":"publish","type":"post","link":"https:\/\/oglasi.infooglasi.rs\/oglasi\/oglasivladicinhan\/oglasio-se-mladenovic-povodom-incidenta-u-vladicinom-hanu-osudjujem-svaki-vid-nasilja-oglasi-vladicin-han\/","title":{"rendered":"Oglasio se Mladenovi\u0107 povodom incidenta u Vladi\u010dinom Hanu: Osu\u0111ujem svaki vid NASILJA &#8211; OGLASI VLADI\u010cIN HAN"},"content":{"rendered":"<p><\/p>\n<div>\n<p>Predsednik Op\u0161tine Vladi\u010din Han, Goran Mladenovi\u0107 oglasio se povodom incidenta koji se dogodio u toku utorka, 8. aprila, 2025. godine u ovom mestu. <\/p>\n<p>Portal InfoVranjske.rs saop\u0161tenje Gorana Mladenovi\u0107a, kao predsednika Op\u0161tine prenosimo u celosti i bezo dodatnih izmena. <\/p>\n<h2 class=\"wp-block-heading\">Goran Mladenovi\u0107: Osu\u0111ujem svaki vid nasilja<\/h2>\n<p>Povodom sino\u0107njeg incidenta, kada je upravna zgrada Sportskog centra \u2013 u kojoj se nalaze i prostorije op\u0161tinskog odbora Srpske napredne stranke \u2013 ga\u0111ana jajima, \u017eelim da jasno poru\u010dim da na ovakve provokacije ne\u0107emo odgovarati istom merom.<\/p>\n<p>O\u0161tro osu\u0111ujem svaki vid vandalizma, nasilja i politi\u010dke netrpeljivosti. Razlike u stavovima i mi\u0161ljenjima moraju se izra\u017eavati argumentima, dijalogom i radom, a ne napadima na objekte koji pripadaju svim gra\u0111anima ove op\u0161tine.<\/p>\n<h2 class=\"wp-block-heading\">BONUS FOTOGRAFIJA: Zgrada Sportskog centra u Vladi\u010dinom Hanu<\/h2>\n<figure class=\"wp-block-image size-large\"><img loading=\"lazy\" decoding=\"async\" width=\"473\" height=\"1024\" src=\"https:\/\/infovranjske.rs\/wp-content\/uploads\/0-02-05-5703f2beb8839e7990c99fb6d99d159d4b7b243327044b7d4c9a9cf4b5e67119_33ead6ddc15c972-473x1024.jpg\" alt=\"\" class=\"wp-image-63804\" srcset=\"https:\/\/infovranjske.rs\/wp-content\/uploads\/0-02-05-5703f2beb8839e7990c99fb6d99d159d4b7b243327044b7d4c9a9cf4b5e67119_33ead6ddc15c972-473x1024.jpg 473w, https:\/\/infovranjske.rs\/wp-content\/uploads\/0-02-05-5703f2beb8839e7990c99fb6d99d159d4b7b243327044b7d4c9a9cf4b5e67119_33ead6ddc15c972-139x300.jpg 139w, https:\/\/infovranjske.rs\/wp-content\/uploads\/0-02-05-5703f2beb8839e7990c99fb6d99d159d4b7b243327044b7d4c9a9cf4b5e67119_33ead6ddc15c972-709x1536.jpg 709w, https:\/\/infovranjske.rs\/wp-content\/uploads\/0-02-05-5703f2beb8839e7990c99fb6d99d159d4b7b243327044b7d4c9a9cf4b5e67119_33ead6ddc15c972.jpg 739w\" sizes=\"auto, (max-width: 473px) 100vw, 473px\"\/><\/figure>\n<figure class=\"wp-block-image size-large\"><img loading=\"lazy\" decoding=\"async\" width=\"473\" height=\"1024\" src=\"https:\/\/infovranjske.rs\/wp-content\/uploads\/0-02-05-7570f18dab22cda1990d661cf1e9a5a57eb34447d56c48314da05fe3c9bb283a_fd81c0f4c61fea7a-473x1024.jpg\" alt=\"\" class=\"wp-image-63805\" srcset=\"https:\/\/infovranjske.rs\/wp-content\/uploads\/0-02-05-7570f18dab22cda1990d661cf1e9a5a57eb34447d56c48314da05fe3c9bb283a_fd81c0f4c61fea7a-473x1024.jpg 473w, https:\/\/infovranjske.rs\/wp-content\/uploads\/0-02-05-7570f18dab22cda1990d661cf1e9a5a57eb34447d56c48314da05fe3c9bb283a_fd81c0f4c61fea7a-139x300.jpg 139w, https:\/\/infovranjske.rs\/wp-content\/uploads\/0-02-05-7570f18dab22cda1990d661cf1e9a5a57eb34447d56c48314da05fe3c9bb283a_fd81c0f4c61fea7a-709x1536.jpg 709w, https:\/\/infovranjske.rs\/wp-content\/uploads\/0-02-05-7570f18dab22cda1990d661cf1e9a5a57eb34447d56c48314da05fe3c9bb283a_fd81c0f4c61fea7a.jpg 739w\" sizes=\"auto, (max-width: 473px) 100vw, 473px\"\/><\/figure>\n<p>O\u010dekujem da nadle\u017eni organi brzo i efikasno utvrde identitet po\u010dinilaca i motiv ovog \u010dina. Kao predsednik op\u0161tine, u\u010dini\u0107u sve da se sa\u010duva red, mir i dostojanstvo institucija.<\/p>\n<p>Na\u0161a vrata su otvorena za razgovor, a ne za kamenice i jaja.<\/p>\n<p>Saop\u0161tenje za javnost potpisao je Goran Mladenovi\u0107, predsednik Op\u0161tine Vladi\u010din Han. <\/p>\n<p>Pro\u010ditajte jo\u0161 i ovo: <a href=\"https:\/\/infovranjske.rs\/goran-mladenovic-nadam-se-da-ce-rektorski-kolegijum-prihvatiti-poziv-na-dijalog\/\" target=\"_blank\" rel=\"noopener\">Goran Mladenovi\u0107: Nadam se da \u0107e REKTORSKI KOLEGIJUM prihvatiti poziv na dijalog<\/a><\/p>\n<figure class=\"wp-block-embed is-type-wp-embed is-provider-infovranjske wp-block-embed-infovranjske\"\/>\n\t\t\t\t\t\t\t\t\t\t\t<\/div>\n<p><a href=\"https:\/\/infovranjske.rs\/oglasio-se-mladenovic-povodom-incidenta-u-vladicinom-hanu-osudjujem-svaki-vid-nasilja\/\" target=\"_blank\" rel=\"noopener\">Source link <\/a><br \/>\n\nOglasio se Mladenovi\u0107 povodom incidenta u Vladi\u010dinom Hanu: Osu\u0111ujem svaki vid NASILJA<\/p>\n","protected":false},"excerpt":{"rendered":"<p>Predsednik Op\u0161tine Vladi\u010din Han, Goran Mladenovi\u0107 oglasio se povodom incidenta koji se dogodio u toku utorka, 8. aprila, 2025. godine&hellip;<\/p>\n","protected":false},"author":1,"featured_media":7354,"comment_status":"open","ping_status":"open","sticky":false,"template":"","format":"standard","meta":{"footnotes":""},"categories":[1],"tags":[],"class_list":["post-7353","post","type-post","status-publish","format-standard","has-post-thumbnail","hentry","category-oglasi-vladicin-han"],"_links":{"self":[{"href":"https:\/\/oglasi.infooglasi.rs\/oglasi\/oglasivladicinhan\/wp-json\/wp\/v2\/posts\/7353","targetHints":{"allow":["GET"]}}],"collection":[{"href":"https:\/\/oglasi.infooglasi.rs\/oglasi\/oglasivladicinhan\/wp-json\/wp\/v2\/posts"}],"about":[{"href":"https:\/\/oglasi.infooglasi.rs\/oglasi\/oglasivladicinhan\/wp-json\/wp\/v2\/types\/post"}],"author":[{"embeddable":true,"href":"https:\/\/oglasi.infooglasi.rs\/oglasi\/oglasivladicinhan\/wp-json\/wp\/v2\/users\/1"}],"replies":[{"embeddable":true,"href":"https:\/\/oglasi.infooglasi.rs\/oglasi\/oglasivladicinhan\/wp-json\/wp\/v2\/comments?post=7353"}],"version-history":[{"count":0,"href":"https:\/\/oglasi.infooglasi.rs\/oglasi\/oglasivladicinhan\/wp-json\/wp\/v2\/posts\/7353\/revisions"}],"wp:featuredmedia":[{"embeddable":true,"href":"https:\/\/oglasi.infooglasi.rs\/oglasi\/oglasivladicinhan\/wp-json\/wp\/v2\/media\/7354"}],"wp:attachment":[{"href":"https:\/\/oglasi.infooglasi.rs\/oglasi\/oglasivladicinhan\/wp-json\/wp\/v2\/media?parent=7353"}],"wp:term":[{"taxonomy":"category","embeddable":true,"href":"https:\/\/oglasi.infooglasi.rs\/oglasi\/oglasivladicinhan\/wp-json\/wp\/v2\/categories?post=7353"},{"taxonomy":"post_tag","embeddable":true,"href":"https:\/\/oglasi.infooglasi.rs\/oglasi\/oglasivladicinhan\/wp-json\/wp\/v2\/tags?post=7353"}],"curies":[{"name":"wp","href":"https:\/\/api.w.org\/{rel}","templated":true}]}}