{"id":7367,"date":"2025-06-06T23:51:38","date_gmt":"2025-06-06T21:51:38","guid":{"rendered":"https:\/\/oglasi.infooglasi.rs\/oglasi\/oglasivladicinhan\/nepokretna-starica-79-preminula-sama-u-kuci-tijelo-zateceno-sa-tragovima-ujeda-zivotinja-oglasi-vladicin-han\/"},"modified":"2025-06-06T23:51:38","modified_gmt":"2025-06-06T21:51:38","slug":"nepokretna-starica-79-preminula-sama-u-kuci-tijelo-zateceno-sa-tragovima-ujeda-zivotinja-oglasi-vladicin-han","status":"publish","type":"post","link":"https:\/\/oglasi.infooglasi.rs\/oglasi\/oglasivladicinhan\/nepokretna-starica-79-preminula-sama-u-kuci-tijelo-zateceno-sa-tragovima-ujeda-zivotinja-oglasi-vladicin-han\/","title":{"rendered":"Nepokretna starica (79) preminula sama u ku\u0107i, tijelo zate\u010deno sa tragovima ujeda \u017eivotinja &#8211; OGLASI VLADI\u010cIN HAN"},"content":{"rendered":"<p><\/p>\n<div>\n<p>Slu\u010daj je policiji prijavljen u petak, a obavije\u0161teno je i Vi\u0161e javno tu\u017eila\u0161tvo u Vranju koje vodi istragu. Iz tog tu\u017eila\u0161tva potvr\u0111eno je za Kurir da su nalo\u017eili obdukciju, kao i da prema prvim, <strong>usmenim rezultatima obdukcije, nema tragova zlo\u010dina.<\/strong><\/p>\n<p>\u2013 <a href=\"https:\/\/srpskainfo.com\/tag\/tijelo-zene\/\" target=\"_blank\" rel=\"noopener\">Tijelo \u017eene<\/a> je zate\u010deno u dnevnom boravku, a tu\u017eilac je nalo\u017eio obdukciju. Prema prvim rezultatima istrage, pretpostavlja se da je <strong>starija \u017eena preminula prirodnom smr\u0107u, a da su potom \u017eivotinje kidale tijelo <\/strong>\u2013 ka\u017ee izvor i dodaje da je na tijelu bilo rana za koje se mo\u017ee re\u0107i da su nastale djelovanjem \u017eivotinjskih zuba.<\/p>\n<p>\u2013 Kako je \u017eena \u017eivjela sama u ku\u0107i koja je izdvojena od ostalih seoskih ku\u0107a, <strong>pretpostavlja se da je preminula nekoliko dana prije nego \u0161to je tijelo na\u0111eno<\/strong>. U me\u0111uvremenu, <strong>\u017eivotinje su ulazile u ku\u0107u i grizle su tijelo, te ga tako oskrnavile<\/strong>\u00a0\u2013 navode izvori i dodaju da je nesre\u0107na \u017eena bila i nepokretna.<\/p>\n<p>                <a style=\"font-weight:bold;&#010;                font-size:14px;margin-bottom:0.6rem;display:block; width:max-content;background-color:#7360F2;color:white;padding:0.6rem;border-radius:5px;cursor:pointer;\" title=\"Viber grupa\" target=\"_blank\" href=\"https:\/\/invite.viber.com\/?g2=AQADj2jdM9Z9glCzKoVL14kr2VhoO%2FPqOu0JB5T7bD3knZHJFKQs4T3Pr1gHQzZv&amp;lang=en\" rel=\"noopener\"><br \/>\n                    Najnovije vijesti Srpskainfo i na Viberu<br \/>\n                <\/a><\/p><\/div>\n<p><script async>\n        !function(f,b,e,v,n,t,s)\n        {if(f.fbq)return;n=f.fbq=function(){n.callMethod?\n            n.callMethod.apply(n,arguments):n.queue.push(arguments)};\n            if(!f._fbq)f._fbq=n;n.push=n;n.loaded=!0;n.version='2.0';\n            n.queue=[];t=b.createElement(e);t.async=!0;\n            t.src=v;s=b.getElementsByTagName(e)[0];\n            s.parentNode.insertBefore(t,s)}(window, document,'script',\n            'https:\/\/connect.facebook.net\/en_US\/fbevents.js');\n        fbq('init', '344652463724127');\n        fbq('track', 'PageView');\n    <\/script><br \/>\n<br \/><a href=\"https:\/\/srpskainfo.com\/zivotinje-ulazile-u-kucu-nepokretna-starica-79-preminula-sama-tijelo-zateceno-sa-tragovima-ujeda\/\" target=\"_blank\" rel=\"noopener\">Source link <\/a><br \/>\n\nNepokretna starica (79) preminula sama u ku\u0107i, tijelo zate\u010deno sa tragovima ujeda \u017eivotinja<\/p>\n","protected":false},"excerpt":{"rendered":"<p>Slu\u010daj je policiji prijavljen u petak, a obavije\u0161teno je i Vi\u0161e javno tu\u017eila\u0161tvo u Vranju koje vodi istragu. Iz tog&hellip;<\/p>\n","protected":false},"author":1,"featured_media":7368,"comment_status":"open","ping_status":"open","sticky":false,"template":"","format":"standard","meta":{"footnotes":""},"categories":[1],"tags":[],"class_list":["post-7367","post","type-post","status-publish","format-standard","has-post-thumbnail","hentry","category-oglasi-vladicin-han"],"_links":{"self":[{"href":"https:\/\/oglasi.infooglasi.rs\/oglasi\/oglasivladicinhan\/wp-json\/wp\/v2\/posts\/7367","targetHints":{"allow":["GET"]}}],"collection":[{"href":"https:\/\/oglasi.infooglasi.rs\/oglasi\/oglasivladicinhan\/wp-json\/wp\/v2\/posts"}],"about":[{"href":"https:\/\/oglasi.infooglasi.rs\/oglasi\/oglasivladicinhan\/wp-json\/wp\/v2\/types\/post"}],"author":[{"embeddable":true,"href":"https:\/\/oglasi.infooglasi.rs\/oglasi\/oglasivladicinhan\/wp-json\/wp\/v2\/users\/1"}],"replies":[{"embeddable":true,"href":"https:\/\/oglasi.infooglasi.rs\/oglasi\/oglasivladicinhan\/wp-json\/wp\/v2\/comments?post=7367"}],"version-history":[{"count":0,"href":"https:\/\/oglasi.infooglasi.rs\/oglasi\/oglasivladicinhan\/wp-json\/wp\/v2\/posts\/7367\/revisions"}],"wp:featuredmedia":[{"embeddable":true,"href":"https:\/\/oglasi.infooglasi.rs\/oglasi\/oglasivladicinhan\/wp-json\/wp\/v2\/media\/7368"}],"wp:attachment":[{"href":"https:\/\/oglasi.infooglasi.rs\/oglasi\/oglasivladicinhan\/wp-json\/wp\/v2\/media?parent=7367"}],"wp:term":[{"taxonomy":"category","embeddable":true,"href":"https:\/\/oglasi.infooglasi.rs\/oglasi\/oglasivladicinhan\/wp-json\/wp\/v2\/categories?post=7367"},{"taxonomy":"post_tag","embeddable":true,"href":"https:\/\/oglasi.infooglasi.rs\/oglasi\/oglasivladicinhan\/wp-json\/wp\/v2\/tags?post=7367"}],"curies":[{"name":"wp","href":"https:\/\/api.w.org\/{rel}","templated":true}]}}