{"id":6944,"date":"2023-11-04T16:41:24","date_gmt":"2023-11-04T15:41:24","guid":{"rendered":"https:\/\/oglasi.infooglasi.rs\/oglasi\/oglasivladimirci\/nestao-rade-petrovic-59-porodica-i-prijatelji-mole-za-pomoc-oglasi-vladimirci\/"},"modified":"2023-11-04T16:41:24","modified_gmt":"2023-11-04T15:41:24","slug":"nestao-rade-petrovic-59-porodica-i-prijatelji-mole-za-pomoc-oglasi-vladimirci","status":"publish","type":"post","link":"https:\/\/oglasi.infooglasi.rs\/oglasi\/oglasivladimirci\/nestao-rade-petrovic-59-porodica-i-prijatelji-mole-za-pomoc-oglasi-vladimirci\/","title":{"rendered":"Nestao Rade Petrovi\u0107 (59), porodica i prijatelji mole za pomo\u0107 &#8211; OGLASI VLADIMIRCI"},"content":{"rendered":"<p><\/p>\n<div>\n<p>Kako je rekao bliski prijatelj porodice Petrovi\u0107, ovo je prvi put da Radeta nema jedan cijeli dan.<\/p>\n<p>\u2013 On je profesor. Ja sam odrastao s njim i njegovom porodicom. Sve je bilo u redu i ni\u0161ta nije slutilo da \u0107e se ovako ne\u0161to dogoditi \u2013 zapo\u010dinje pri\u010du prvi kom\u0161ija porodice Petrovi\u0107.<\/p>\n<figure class=\"wp-block-embed-facebook wp-block-embed is-type-rich is-provider-facebook\">\n<div class=\"wp-block-embed__wrapper\">\n<div class=\"fb-post\" data-href=\"https:\/\/www.facebook.com\/biljana.radovic.71404\/posts\/pfbid02V3abNjtWMYMvAREGzBERLBxqERp69RgtQCqnJm8hF5GBXiA867NdmLNiTU6PnJEvl\" data-width=\"500\">\n<blockquote cite=\"https:\/\/graph.facebook.com\/100022230141504\/posts\/1557826688301654\/\" class=\"fb-xfbml-parse-ignore\">\n<p>TRAZI SE RADE PETROVIC IZ VLADIMIRACA, NESTAO 20.09.2023. OKO 16 CASOVA. SVE INFORMACIJE O NESTALOM MOZETE POSLATI NA TELEFON 0648758183 VLADASA127BC FOLCVAGEN-POLO<\/p>\n<p>Posted by <a href=\"https:\/\/www.facebook.com\/biljana.radovic.71404\" target=\"_blank\" rel=\"noopener\">Biljana Radovic<\/a> on\u00a0<a href=\"https:\/\/graph.facebook.com\/100022230141504\/posts\/1557826688301654\/\" target=\"_blank\" rel=\"noopener\">Thursday, September 21, 2023<\/a><\/p>\n<\/blockquote>\n<\/div>\n<\/div>\n<\/figure>\n<p>Prema njegovim rije\u010dima, Rade je ju\u010de na sebi imao ko\u0161ulju na kratki rukav, sive pantalone i crne cipele.<\/p>\n<p>\u2013 Sve smo <a class=\"rank-math-link\" href=\"https:\/\/srpskainfo.com\/tag\/nestanak\/\" target=\"_blank\" rel=\"noopener\">pretra\u017eili <\/a>i nigde ga nema. Kao da je propao u zemlju \u2013 ka\u017ee sagovornik za Telegraf.<\/p>\n<p>Ukoliko imate bilo kakve informacije o Radetu kontaktirajte 0648758183.<\/p>\n<p>                <a style=\"font-weight:bold;&#010;                font-size:14px;margin-bottom:0.6rem;display:block; width:max-content;background-color:#7360F2;color:white;padding:0.6rem;border-radius:5px;cursor:pointer;\" title=\"Viber grupa\" target=\"_blank\" href=\"https:\/\/invite.viber.com\/?g2=AQADj2jdM9Z9glCzKoVL14kr2VhoO%2FPqOu0JB5T7bD3knZHJFKQs4T3Pr1gHQzZv&amp;lang=en\" rel=\"noopener\"><br \/>\n                    Najnovije vijesti Srpskainfo i na Viberu<br \/>\n                <\/a><\/p><\/div>\n<p><script async>\n        !function(f,b,e,v,n,t,s)\n        {if(f.fbq)return;n=f.fbq=function(){n.callMethod?\n            n.callMethod.apply(n,arguments):n.queue.push(arguments)};\n            if(!f._fbq)f._fbq=n;n.push=n;n.loaded=!0;n.version='2.0';\n            n.queue=[];t=b.createElement(e);t.async=!0;\n            t.src=v;s=b.getElementsByTagName(e)[0];\n            s.parentNode.insertBefore(t,s)}(window, document,'script',\n            'https:\/\/connect.facebook.net\/en_US\/fbevents.js');\n        fbq('init', '344652463724127');\n        fbq('track', 'PageView');\n    <\/script><script async=\"https:\/\/srpskainfo.com\/kao-da-je-propao-u-zemlju-nestao-rade-petrovic-59-porodica-i-prijatelji-mole-za-pomoc-foto\/1\" defer=\"https:\/\/srpskainfo.com\/kao-da-je-propao-u-zemlju-nestao-rade-petrovic-59-porodica-i-prijatelji-mole-za-pomoc-foto\/1\" crossorigin=\"anonymous\" src=\"https:\/\/connect.facebook.net\/ru_RU\/sdk.js#xfbml=1&amp;version=v18.0\" nonce=\"r2RhKfVQ\"><\/script><br \/>\n<br \/><a href=\"https:\/\/srpskainfo.com\/kao-da-je-propao-u-zemlju-nestao-rade-petrovic-59-porodica-i-prijatelji-mole-za-pomoc-foto\/\" target=\"_blank\" rel=\"noopener\">Source link <\/a><br \/>\n\nNestao Rade Petrovi\u0107 (59), porodica i prijatelji mole za pomo\u0107<\/p>\n","protected":false},"excerpt":{"rendered":"<p>Kako je rekao bliski prijatelj porodice Petrovi\u0107, ovo je prvi put da Radeta nema jedan cijeli dan. \u2013 On je&hellip;<\/p>\n","protected":false},"author":1,"featured_media":6945,"comment_status":"open","ping_status":"open","sticky":false,"template":"","format":"standard","meta":{"footnotes":""},"categories":[1],"tags":[],"class_list":["post-6944","post","type-post","status-publish","format-standard","has-post-thumbnail","hentry","category-oglasi-vladimirci"],"_links":{"self":[{"href":"https:\/\/oglasi.infooglasi.rs\/oglasi\/oglasivladimirci\/wp-json\/wp\/v2\/posts\/6944","targetHints":{"allow":["GET"]}}],"collection":[{"href":"https:\/\/oglasi.infooglasi.rs\/oglasi\/oglasivladimirci\/wp-json\/wp\/v2\/posts"}],"about":[{"href":"https:\/\/oglasi.infooglasi.rs\/oglasi\/oglasivladimirci\/wp-json\/wp\/v2\/types\/post"}],"author":[{"embeddable":true,"href":"https:\/\/oglasi.infooglasi.rs\/oglasi\/oglasivladimirci\/wp-json\/wp\/v2\/users\/1"}],"replies":[{"embeddable":true,"href":"https:\/\/oglasi.infooglasi.rs\/oglasi\/oglasivladimirci\/wp-json\/wp\/v2\/comments?post=6944"}],"version-history":[{"count":0,"href":"https:\/\/oglasi.infooglasi.rs\/oglasi\/oglasivladimirci\/wp-json\/wp\/v2\/posts\/6944\/revisions"}],"wp:featuredmedia":[{"embeddable":true,"href":"https:\/\/oglasi.infooglasi.rs\/oglasi\/oglasivladimirci\/wp-json\/wp\/v2\/media\/6945"}],"wp:attachment":[{"href":"https:\/\/oglasi.infooglasi.rs\/oglasi\/oglasivladimirci\/wp-json\/wp\/v2\/media?parent=6944"}],"wp:term":[{"taxonomy":"category","embeddable":true,"href":"https:\/\/oglasi.infooglasi.rs\/oglasi\/oglasivladimirci\/wp-json\/wp\/v2\/categories?post=6944"},{"taxonomy":"post_tag","embeddable":true,"href":"https:\/\/oglasi.infooglasi.rs\/oglasi\/oglasivladimirci\/wp-json\/wp\/v2\/tags?post=6944"}],"curies":[{"name":"wp","href":"https:\/\/api.w.org\/{rel}","templated":true}]}}