{"id":6954,"date":"2023-11-04T16:41:57","date_gmt":"2023-11-04T15:41:57","guid":{"rendered":"https:\/\/oglasi.infooglasi.rs\/oglasi\/oglasivladimirci\/suncokreti-u-vladimircima-55-vrtic-novak-djokovic-fondacije-novi-radio-sombor-oglasi-vladimirci\/"},"modified":"2023-11-04T16:41:57","modified_gmt":"2023-11-04T15:41:57","slug":"suncokreti-u-vladimircima-55-vrtic-novak-djokovic-fondacije-novi-radio-sombor-oglasi-vladimirci","status":"publish","type":"post","link":"https:\/\/oglasi.infooglasi.rs\/oglasi\/oglasivladimirci\/suncokreti-u-vladimircima-55-vrtic-novak-djokovic-fondacije-novi-radio-sombor-oglasi-vladimirci\/","title":{"rendered":"\u201eSuncokreti\u201c u Vladimircima 55. vrti\u0107 Novak \u0110okovi\u0107 Fondacije \u2013 Novi Radio Sombor &#8211; OGLASI VLADIMIRCI"},"content":{"rendered":"<p><\/p>\n<div itemprop=\"text\">\n<p>\u00a0<\/p>\n<ul>\n<li><b>Novak \u0110okovi\u0107 Fondacija rekonstruisala je i opremila dve radne sobe i multifunkcionalnu salu vrti\u0107a pri Pred\u0161kolskoj ustanovi \u201eSuncokreti\u201c u Vladimircima i time obuhvatila 50 dece<\/b><\/li>\n<\/ul>\n<p><strong>Novak \u0110okovi\u0107 Fondacija otvorila je svoj 55. vrti\u0107!<\/strong>\u00a0Zahvaljuju\u0107i brojnim pojedincima i kompanijama, kao i osniva\u010dima Fondacije, koji su duplirali sumu tokom kampanje\u00a0<i>Sezona darivanja 2019\/2020<\/i>, omogu\u0107ena je rekonstrukcija i kompletno opremanje jo\u0161 jednog\u00a0<em>suncokreta<\/em>\u00a0u\u00a0Vladimircima.<\/p>\n<p>Vladimirci su op\u0161tina sa 29 naseljenih mesta \u010diji je geografski, privredni i kulturni centar istoimena varo\u0161ica, sme\u0161tena u pitomoj Posavotamnavi u trouglu Beograda, \u0160apca i\u00a0Valjeva.<\/p>\n<p>Iako je ovo relativno mala op\u0161tina sa manje od 15 hiljada stanovnika, velika je potreba za pro\u0161irenjem kapaciteta ustanove i otvaranjem mesta za prijem nove\u00a0dece.<\/p>\n<p>Vrata pred\u0161kolske ustanove \u201eSuncokreti\u201c otvorena su za svu decu, bez izuzetka, te su obuhva\u0107ena i deca sa smetnjama, deca koja su pripadnici razli\u010ditih nacionalnih manjina, deca iz hraniteljskih porodica, deca \u010diji su roditelji primaoci nov\u010dano-socijalne pomo\u0107i\u2026<\/p>\n<p>Pred\u0161kolska ustanova \u201eSuncokreti\u201c godinama unazad ula\u017ee napore kako bi \u0161to vi\u0161e dece obuhvatila kvalitetnim ranim obrazovanjem. Sa tim ciljem, Ustanova je i svoje kancelarije adaptirala za prijem nove\u00a0dece.<\/p>\n<p>Ipak, novi vrti\u0107 ne zna\u010di i da se lista \u010dekanja u potpunosti ukida. Interesovanje roditelja dodatno je poraslo otvaranjem ovog objekta, naro\u010dito jer sela sve vi\u0161e gravitiraju ka ve\u0107im mestima \u2013 u ovom slu\u010daju, Vladimircima \u2013 te je porasla i potreba za celodnevnim boravkom dece.<\/p>\n<p>Na listi je bilo vi\u0161e od 30 dece uzrasta 3 do 5 i po godina. Sada sa ponosom mo\u017eemo da ka\u017eemo da novi vrti\u0107 ima dve radne sobe i da <strong>mo\u017ee da obuhvati vi\u0161e od 50 mali\u0161ana<\/strong>.<\/p>\n<p>PU \u201eSuncokreti\u201c trenutno poha\u0111a ukupno 333 dece urasta 0-7 godina u 5 objekata u Vladimircima. Na radost brojnih mali\u0161ana, kao i njihovih roditelja i vaspita\u010da, novi objekat opremljen je u skladu sa\u00a0<a href=\"https:\/\/prosveta.gov.rs\/wp-content\/uploads\/2018\/09\/OSNOVE-PROGRAMA-.pdf\" target=\"_blank\" rel=\"noopener\"><i>Godinama uzleta<\/i><\/a> i potpuno je prilago\u0111en potrebama dece i vaspita\u010da. Iako vrti\u0107 radi punim kapacitetom ve\u0107 vi\u0161e od godinu dana, zvani\u010dnog otvaranja nije bilo, prvenstveno zbog situacije sa koronavirusom, a zatim i drugim izazovima u periodu koji je usledio.<\/p>\n<p>Zahvaljuju\u0107i partnerima na ovom projektu vrednom 12 miliona dinara, vrti\u0107 trenutno poha\u0111a 50 mali\u0161ana i ovim putem jo\u0161 jednom koristimo priliku da se zahvalimo na podr\u0161ci na\u0161im partnerima na projektu: <a href=\"https:\/\/www.henkel.rs\/\" target=\"_blank\" rel=\"noopener\"><i>Henkel Srbija brend Ceresit<\/i><\/a><i>,\u00a0<\/i><a href=\"https:\/\/cdnlighting.cc\/\" target=\"_blank\" rel=\"noopener\"><i>CDN Lighting,\u00a0<\/i><\/a><a href=\"http:\/\/toza.co.rs\/kompanija\/\" target=\"_blank\" rel=\"noopener\"><i>Toza Markovi\u0107,<\/i><\/a><a href=\"https:\/\/cdnlighting.cc\/\" target=\"_blank\" rel=\"noopener\"><i>\u00a0<\/i><\/a><i><a href=\"https:\/\/www.velux.rs\/\" target=\"_blank\" rel=\"noopener\">Velux<\/a>, i\u00a0<a href=\"https:\/\/grubin.rs\/\" target=\"_blank\" rel=\"noopener\">Grubin\u00a0Export\/Import<\/a>.\u00a0<\/i><\/p>\n<p>Novak \u0110okovi\u0107 Fondacija godinama neguje\u00a0<strong>odli\u010dnu saradnju sa Op\u0161tinom Vladimirci<\/strong>, PU \u201eSuncokreti\u201c, i drugim institucijama na teritoriji ove op\u0161tine. Neki od pre\u0111a\u0161njih realizovanih projekata uklju\u010duju i:\u00a0<a href=\"https:\/\/ecec.mpn.gov.rs\/?p=5825\" target=\"_blank\" rel=\"noopener\">opremanje 3 radne sobe u Debrcu<\/a>\u00a0u okviru projekta\u00a0<em>Inkluzivno pred\u0161kolsko vaspitanje i obrazovanje<\/em>\u00a0pro\u0161le godine, otvaranje Centra za roditelje u Vladimircima u saradnji sa partnerima\u00a0<a href=\"https:\/\/www.generali.rs\/fizicka_lica\/naslovna.760.html\" target=\"_blank\" rel=\"noopener\">Generali Osiguranjem Srbija<\/a>\u00a0i\u00a0<a href=\"https:\/\/www.thehumansafetynet.org\/\" target=\"_blank\" rel=\"noopener\">The Human Safety Net<\/a>-om 2021. godine, kao i\u00a0<a href=\"https:\/\/novakdjokovicfoundation.org\/sr\/press-center\/novosti-i-informacije\/jubilarna-deseta-skolica-zivota-u-jaloviku\/\" target=\"_blank\" rel=\"noopener\">\u0160kolicu \u017eivota u Jaloviku<\/a>\u00a02017.\u00a0godine.<\/p>\n<p>U slede\u0107im blog tekstovima pro\u010ditajte 1)\u00a0<a href=\"https:\/\/novakdjokovicfoundation.org\/sr\/prica-o-vladimircima-kako-je-jedna-varos-rasla-do-vrtica\/\" target=\"_blank\" rel=\"noopener\">kako je jedna varo\u0161 rasla do vrti\u0107a<\/a>, 2)\u00a0<a href=\"https:\/\/novakdjokovicfoundation.org\/sr\/press-center\/novosti-i-informacije\/nov-vrtic-u-opstini-vladimirci\/\" target=\"_blank\" rel=\"noopener\">kako su tekli radovi<\/a>\u00a0u Vladimircima, kao i 3)\u00a0<a href=\"https:\/\/novakdjokovicfoundation.org\/sr\/moc-kampanje-sezona-darivanja\/\" target=\"_blank\" rel=\"noopener\">koje smo jo\u0161 vrti\u0107e otvorili<\/a>\u00a0zahvaljuju\u0107i uspe\u0161noj Sezoni darivanja\u00a02019\/2020.<\/p>\n<p><strong>Novak \u0110okovi\u0107 Fondacija \u010destita svim polaznicima u vrti\u0107 i \u017eeli puno sre\u0107e \u201eSuncokretima\u201c u daljem\u00a0radu!<\/strong><\/p>\n<div class=\"w-gallery cols_3 link_file with_indents\">\n<div class=\"w-gallery-list\"><a class=\"w-gallery-item order_1\" href=\"https:\/\/noviradiosombor.com\/wp-content\/uploads\/2023\/03\/Novak-DJokovic-fondacija.jpg\" title=\"Novak \u0110okovi\u0107 fondacija\" target=\"_blank\" rel=\"noopener\"><\/p>\n<div class=\"w-gallery-item-img\"><img width=\"150\" height=\"150\" src=\"https:\/\/noviradiosombor.com\/wp-content\/uploads\/2023\/03\/Novak-DJokovic-fondacija-150x150.jpg\" class=\"attachment-thumbnail size-thumbnail\" alt=\"\" decoding=\"async\" loading=\"lazy\"\/><\/div>\n<p><\/a><\/div>\n<\/div>\n<p><em>Nove drugarice zajedno \u0107e otkrivati svet u vrti\u0107u Suncokreti u Vladimircima<\/em><\/p>\n<div class=\"w-gallery cols_3 link_file with_indents\">\n<div class=\"w-gallery-list\"><a class=\"w-gallery-item order_1\" href=\"https:\/\/noviradiosombor.com\/wp-content\/uploads\/2023\/03\/Novak-DJokovic-fondacija-1.jpg\" title=\"Novak \u0110okovi\u0107 fondacija\" target=\"_blank\" rel=\"noopener\"><\/p>\n<div class=\"w-gallery-item-img\"><img width=\"150\" height=\"150\" src=\"https:\/\/noviradiosombor.com\/wp-content\/uploads\/2023\/03\/Novak-DJokovic-fondacija-1-150x150.jpg\" class=\"attachment-thumbnail size-thumbnail\" alt=\"\" decoding=\"async\" loading=\"lazy\"\/><\/div>\n<p><\/a><\/div>\n<\/div>\n<p><em>Vreme za \u010ditanje \u2013 pred\u0161kolci u Vladimircima skoro pa \u0161kolarci!<\/em><\/p>\n<div class=\"w-gallery cols_3 link_file with_indents\">\n<div class=\"w-gallery-list\"><a class=\"w-gallery-item order_1\" href=\"https:\/\/noviradiosombor.com\/wp-content\/uploads\/2023\/03\/Novak-DJokovic-fondacija-2.jpg\" title=\"Novak \u0110okovi\u0107 fondacija\" target=\"_blank\" rel=\"noopener\"><\/p>\n<div class=\"w-gallery-item-img\"><img width=\"150\" height=\"150\" src=\"https:\/\/noviradiosombor.com\/wp-content\/uploads\/2023\/03\/Novak-DJokovic-fondacija-2-150x150.jpg\" class=\"attachment-thumbnail size-thumbnail\" alt=\"\" decoding=\"async\" loading=\"lazy\"\/><\/div>\n<p><\/a><\/div>\n<\/div>\n<p style=\"background: white;\"><em>Medijska pa\u017enja i pratnja: Novi Radio Sombor<\/em><\/p>\n<p style=\"background: white;\"><a href=\"http:\/\/keepone.net\/radio\/k138251\/novi-radio-sombor\" target=\"_blank\" rel=\"noopener\"><span style=\"font-size: 13.5pt; font-family: 'Arial','sans-serif'; color: #64223f;\">http:\/\/keepone.net\/radio\/k138251\/novi-radio-sombor<\/span><\/a><span style=\"font-size: 13.5pt; font-family: 'Arial','sans-serif'; color: #333333;\">\u00a0*<\/span><\/p>\n<p style=\"background: white;\"><span style=\"font-size: 13.5pt; font-family: 'Arial','sans-serif'; color: #333333;\">*Novi Radio Sombor na vode\u0107oj platformi radio stanica svih dr\u017eava sveta<\/span><\/p>\n<p>&#13;<br \/>\n\t\t\t\t<span class=\"post-views-icon dashicons dashicons-chart-bar\"\/> <span class=\"post-views-label\">Broj pregleda:<\/span> <span class=\"post-views-count\">9.171<\/span>&#13;\n\t\t\t<\/p>\n<\/div>\n<p><a href=\"https:\/\/noviradiosombor.com\/suncokreti-u-vladimircima-su-55-vrtic-novak-djokovic-fondacije\/\" target=\"_blank\" rel=\"noopener\">Source link <\/a><br \/>\n\n\u201eSuncokreti\u201c u Vladimircima 55. vrti\u0107 Novak \u0110okovi\u0107 Fondacije \u2013 Novi Radio Sombor<\/p>\n","protected":false},"excerpt":{"rendered":"<p>\u00a0 Novak \u0110okovi\u0107 Fondacija rekonstruisala je i opremila dve radne sobe i multifunkcionalnu salu vrti\u0107a pri Pred\u0161kolskoj ustanovi \u201eSuncokreti\u201c u&hellip;<\/p>\n","protected":false},"author":1,"featured_media":6955,"comment_status":"open","ping_status":"open","sticky":false,"template":"","format":"standard","meta":{"footnotes":""},"categories":[1],"tags":[],"class_list":["post-6954","post","type-post","status-publish","format-standard","has-post-thumbnail","hentry","category-oglasi-vladimirci"],"_links":{"self":[{"href":"https:\/\/oglasi.infooglasi.rs\/oglasi\/oglasivladimirci\/wp-json\/wp\/v2\/posts\/6954","targetHints":{"allow":["GET"]}}],"collection":[{"href":"https:\/\/oglasi.infooglasi.rs\/oglasi\/oglasivladimirci\/wp-json\/wp\/v2\/posts"}],"about":[{"href":"https:\/\/oglasi.infooglasi.rs\/oglasi\/oglasivladimirci\/wp-json\/wp\/v2\/types\/post"}],"author":[{"embeddable":true,"href":"https:\/\/oglasi.infooglasi.rs\/oglasi\/oglasivladimirci\/wp-json\/wp\/v2\/users\/1"}],"replies":[{"embeddable":true,"href":"https:\/\/oglasi.infooglasi.rs\/oglasi\/oglasivladimirci\/wp-json\/wp\/v2\/comments?post=6954"}],"version-history":[{"count":0,"href":"https:\/\/oglasi.infooglasi.rs\/oglasi\/oglasivladimirci\/wp-json\/wp\/v2\/posts\/6954\/revisions"}],"wp:featuredmedia":[{"embeddable":true,"href":"https:\/\/oglasi.infooglasi.rs\/oglasi\/oglasivladimirci\/wp-json\/wp\/v2\/media\/6955"}],"wp:attachment":[{"href":"https:\/\/oglasi.infooglasi.rs\/oglasi\/oglasivladimirci\/wp-json\/wp\/v2\/media?parent=6954"}],"wp:term":[{"taxonomy":"category","embeddable":true,"href":"https:\/\/oglasi.infooglasi.rs\/oglasi\/oglasivladimirci\/wp-json\/wp\/v2\/categories?post=6954"},{"taxonomy":"post_tag","embeddable":true,"href":"https:\/\/oglasi.infooglasi.rs\/oglasi\/oglasivladimirci\/wp-json\/wp\/v2\/tags?post=6954"}],"curies":[{"name":"wp","href":"https:\/\/api.w.org\/{rel}","templated":true}]}}