{"id":7009,"date":"2024-01-08T04:31:49","date_gmt":"2024-01-08T03:31:49","guid":{"rendered":"https:\/\/oglasi.infooglasi.rs\/oglasi\/oglasivladimirci\/zelenovic-zelimo-da-politicki-zivot-u-srbiji-bude-kao-u-drugim-demokratskim-zemljama-politika-oglasi-vladimirci\/"},"modified":"2024-01-08T04:31:49","modified_gmt":"2024-01-08T03:31:49","slug":"zelenovic-zelimo-da-politicki-zivot-u-srbiji-bude-kao-u-drugim-demokratskim-zemljama-politika-oglasi-vladimirci","status":"publish","type":"post","link":"https:\/\/oglasi.infooglasi.rs\/oglasi\/oglasivladimirci\/zelenovic-zelimo-da-politicki-zivot-u-srbiji-bude-kao-u-drugim-demokratskim-zemljama-politika-oglasi-vladimirci\/","title":{"rendered":"Zelenovi\u0107: \u017delimo da politi\u010dki \u017eivot u Srbiji bude kao u drugim demokratskim zemljama &#8211; Politika &#8211; OGLASI VLADIMIRCI"},"content":{"rendered":"<p><\/p>\n<div>\n<p>Opozicija i gra\u0111ani u protestu imaju samo jedan zahtev, a to je da se politi\u010dki \u017eivot u Srbiji odvija na isti na\u010din kao i u njihovim demokratskim zemljama, poru\u010dio je evropskim parlamentarcima, danas u Vladimircima, predsednik Zajedno za Srbiju i kopredsednik Ujedinjene Demokratske stranke Neboj\u0161a Zelenovi\u0107.<\/p>\n<\/div>\n<p><span style=\"font-family: georgia, palatino, serif; font-size: 12pt;\">\u201eNa\u0161a poruka evropskim parlamentarcima je prijateljska, iskrena i zasnovana na temeljnim evropskim vrednostima. Mi nemamo nikakvih \u017eelja i zahteva izuzev da i u Srbiji postoji sloboda. Da li je mnogo \u0161to tra\u017eimo da se i u Srbiji zakoni po\u0161tuju, da i u Srbiji mo\u017ee da se \u010duje druga\u010dije mi\u0161ljenje, da i u Srbiji mediji budu slobodni i da gra\u0111ani bez pretnji i pritisaka mogu da glasaju na izborima i da biraju budu\u0107nost za svoje porodice? Ne tra\u017eimo vi\u0161e, ali ne pristajemo ni na manje od toga\u201c, naglasio je Zelenovi\u0107.<\/span><\/p>\n<p><span style=\"font-family: georgia, palatino, serif; font-size: 12pt;\">On je istakao da je Aleksandar Vu\u010di\u0107 za sedam godina svoje \u201eautoritarne\u201c vlasti demontirao i unizio sve institucije. <\/span><\/p>\n<p><span style=\"font-family: georgia, palatino, serif; font-size: 12pt;\">\u201eOn je i predsednik Vlade, na \u010delu je svih ministarstava, on je i gradona\u010delnik Beograda, i vrhovni sudija i tu\u017eilac, i urednik gotovo svih medija, a poslednjih dana pokazuje izra\u017eenu \u017eelju da postane i patrijarh. Mo\u017eda uskoro i rektor univerziteta, i predsednik Srpske akademije nauka i umetnosti? U takvim okolnostima ne da nema uslova za izbore,nego je svakom dobronamernom jasno da re\u017eim gura \u010ditavu zemlju u krizu koja \u0107e eskalirati i imati nesagledive posledice. Nelegitimni izbori proizve\u0161\u0107e nelegitimnu vlast koja ne\u0107e imati demokratski kapacitet da re\u0161ava probleme, nezadovoljstvo gra\u0111ana \u0107e rasti, ali \u0107emo na kraju ipak do\u0107i do po\u0161tenih izbora koji \u0107e doneti promenu vlasti mirnim putem\u201c, zaklju\u010dio je predsednik Zajedno za Srbiju, Neboj\u0161a Zelenovi\u0107.<\/span><\/p>\n<p><a href=\"https:\/\/www.danas.rs\/vesti\/politika\/zelenovic-zelimo-da-politicki-zivot-u-srbiji-bude-kao-u-drugim-demokratskim-zemljama\/\" target=\"_blank\" rel=\"noopener\">Source link <\/a><br \/>\n\nZelenovi\u0107: \u017delimo da politi\u010dki \u017eivot u Srbiji bude kao u drugim demokratskim zemljama &#8211; Politika<\/p>\n","protected":false},"excerpt":{"rendered":"<p>Opozicija i gra\u0111ani u protestu imaju samo jedan zahtev, a to je da se politi\u010dki \u017eivot u Srbiji odvija na&hellip;<\/p>\n","protected":false},"author":1,"featured_media":7010,"comment_status":"open","ping_status":"open","sticky":false,"template":"","format":"standard","meta":{"footnotes":""},"categories":[1],"tags":[],"class_list":["post-7009","post","type-post","status-publish","format-standard","has-post-thumbnail","hentry","category-oglasi-vladimirci"],"_links":{"self":[{"href":"https:\/\/oglasi.infooglasi.rs\/oglasi\/oglasivladimirci\/wp-json\/wp\/v2\/posts\/7009","targetHints":{"allow":["GET"]}}],"collection":[{"href":"https:\/\/oglasi.infooglasi.rs\/oglasi\/oglasivladimirci\/wp-json\/wp\/v2\/posts"}],"about":[{"href":"https:\/\/oglasi.infooglasi.rs\/oglasi\/oglasivladimirci\/wp-json\/wp\/v2\/types\/post"}],"author":[{"embeddable":true,"href":"https:\/\/oglasi.infooglasi.rs\/oglasi\/oglasivladimirci\/wp-json\/wp\/v2\/users\/1"}],"replies":[{"embeddable":true,"href":"https:\/\/oglasi.infooglasi.rs\/oglasi\/oglasivladimirci\/wp-json\/wp\/v2\/comments?post=7009"}],"version-history":[{"count":0,"href":"https:\/\/oglasi.infooglasi.rs\/oglasi\/oglasivladimirci\/wp-json\/wp\/v2\/posts\/7009\/revisions"}],"wp:featuredmedia":[{"embeddable":true,"href":"https:\/\/oglasi.infooglasi.rs\/oglasi\/oglasivladimirci\/wp-json\/wp\/v2\/media\/7010"}],"wp:attachment":[{"href":"https:\/\/oglasi.infooglasi.rs\/oglasi\/oglasivladimirci\/wp-json\/wp\/v2\/media?parent=7009"}],"wp:term":[{"taxonomy":"category","embeddable":true,"href":"https:\/\/oglasi.infooglasi.rs\/oglasi\/oglasivladimirci\/wp-json\/wp\/v2\/categories?post=7009"},{"taxonomy":"post_tag","embeddable":true,"href":"https:\/\/oglasi.infooglasi.rs\/oglasi\/oglasivladimirci\/wp-json\/wp\/v2\/tags?post=7009"}],"curies":[{"name":"wp","href":"https:\/\/api.w.org\/{rel}","templated":true}]}}