{"id":7062,"date":"2024-04-07T13:42:45","date_gmt":"2024-04-07T11:42:45","guid":{"rendered":"https:\/\/oglasi.infooglasi.rs\/oglasi\/oglasivladimirci\/otac-ubio-sina-lovackom-puskom-komsije-u-soku-nakon-tragedije-oglasi-vladimirci\/"},"modified":"2024-04-07T13:42:45","modified_gmt":"2024-04-07T11:42:45","slug":"otac-ubio-sina-lovackom-puskom-komsije-u-soku-nakon-tragedije-oglasi-vladimirci","status":"publish","type":"post","link":"https:\/\/oglasi.infooglasi.rs\/oglasi\/oglasivladimirci\/otac-ubio-sina-lovackom-puskom-komsije-u-soku-nakon-tragedije-oglasi-vladimirci\/","title":{"rendered":"Otac ubio sina lova\u010dkom pu\u0161kom, kom\u0161ije u \u0161oku nakon tragedije &#8211; OGLASI VLADIMIRCI"},"content":{"rendered":"<p><\/p>\n<div>\n<p>Nakon toga on je poku\u0161ao samoubistvo. <strong>Sa te\u0161kim povredama glave i bez svijesti primljen je u Op\u0161tu bolnicu \u0160abac, odakle je, zbog te\u017eine povreda transportovan u Klini\u010dki centar Srbije.<\/strong><\/p>\n<p>Ovo stra\u0161no <a href=\"https:\/\/srpskainfo.com\/tag\/ubistvo\/\" target=\"_blank\" rel=\"noopener\">ubistvo <\/a>dogodilo se na njivi, u blizini porodi\u010dne ku\u0107e, u ataru sela Vladimirci. Prema saznanjima,<strong> ubijeni mladi\u0107 nije \u017eivio sa ocem i prema pri\u010di mje\u0161tana nisu bili u dobrim odnosima.<\/strong><\/p>\n<p>\u2013 Taj mladi\u0107 je \u017eivio sam, <strong>jer ga je otac istjerao iz ku\u0107e<\/strong>. Bio je sklon alkoholu, a u posljednje vrijeme \u010dujemo da je bio na lije\u010denju. Ba\u0161 se prije neki dan vratio. Ne znamo \u0161ta bi ocu da mu presudi \u2013 ispri\u010dao je za <a href=\"https:\/\/www.blic.rs\/vesti\/hronika\/ovo-je-muskarac-koga-je-otac-ubio-u-vladimircima\/l4fkrhj\" target=\"_blank\" rel=\"noopener\">Blic <\/a>jedan od kom\u0161ija.<\/p>\n<h2 class=\"wp-block-heading\">Kom\u0161ije ka\u017eu da je u pitanju vrijedna i po\u0161tena porodica<\/h2>\n<p>\u2013 On ima i brata. Taj je vrijedan, dobar automehani\u010dar. <strong>A ovaj, \u0161to ga je otac ubio, i\u0161ao je po selu i radio u nadnici, snalazio se kako je znao<\/strong> \u2013 pri\u010daju u selu.<\/p>\n<p>Motivi ove stra\u0161ne tragedije jo\u0161 uvijek nisu poznati.<\/p>\n<p>U toku je uvi\u0111aj i ispitivanje okolnosti nesre\u0107e.<\/p>\n<p>                <a style=\"font-weight:bold;&#010;                font-size:14px;margin-bottom:0.6rem;display:block; width:max-content;background-color:#7360F2;color:white;padding:0.6rem;border-radius:5px;cursor:pointer;\" title=\"Viber grupa\" target=\"_blank\" href=\"https:\/\/invite.viber.com\/?g2=AQADj2jdM9Z9glCzKoVL14kr2VhoO%2FPqOu0JB5T7bD3knZHJFKQs4T3Pr1gHQzZv&amp;lang=en\" rel=\"noopener\"><br \/>\n                    Najnovije vijesti Srpskainfo i na Viberu<br \/>\n                <\/a><\/p><\/div>\n<p><script async>\n        !function(f,b,e,v,n,t,s)\n        {if(f.fbq)return;n=f.fbq=function(){n.callMethod?\n            n.callMethod.apply(n,arguments):n.queue.push(arguments)};\n            if(!f._fbq)f._fbq=n;n.push=n;n.loaded=!0;n.version='2.0';\n            n.queue=[];t=b.createElement(e);t.async=!0;\n            t.src=v;s=b.getElementsByTagName(e)[0];\n            s.parentNode.insertBefore(t,s)}(window, document,'script',\n            'https:\/\/connect.facebook.net\/en_US\/fbevents.js');\n        fbq('init', '344652463724127');\n        fbq('track', 'PageView');\n    <\/script><br \/>\n<br \/><a href=\"https:\/\/srpskainfo.com\/mladic-je-bio-sklon-alkoholu-skoro-se-vratio-sa-lijecenja-ovo-je-muskarac-37-kojeg-je-ubio-otac-64-komsije-u-soku-nakon-tragedije\/\" target=\"_blank\" rel=\"noopener\">Source link <\/a><br \/>\n\nOtac ubio sina lova\u010dkom pu\u0161kom, kom\u0161ije u \u0161oku nakon tragedije<\/p>\n","protected":false},"excerpt":{"rendered":"<p>Nakon toga on je poku\u0161ao samoubistvo. Sa te\u0161kim povredama glave i bez svijesti primljen je u Op\u0161tu bolnicu \u0160abac, odakle&hellip;<\/p>\n","protected":false},"author":1,"featured_media":7058,"comment_status":"open","ping_status":"open","sticky":false,"template":"","format":"standard","meta":{"footnotes":""},"categories":[1],"tags":[],"class_list":["post-7062","post","type-post","status-publish","format-standard","has-post-thumbnail","hentry","category-oglasi-vladimirci"],"_links":{"self":[{"href":"https:\/\/oglasi.infooglasi.rs\/oglasi\/oglasivladimirci\/wp-json\/wp\/v2\/posts\/7062","targetHints":{"allow":["GET"]}}],"collection":[{"href":"https:\/\/oglasi.infooglasi.rs\/oglasi\/oglasivladimirci\/wp-json\/wp\/v2\/posts"}],"about":[{"href":"https:\/\/oglasi.infooglasi.rs\/oglasi\/oglasivladimirci\/wp-json\/wp\/v2\/types\/post"}],"author":[{"embeddable":true,"href":"https:\/\/oglasi.infooglasi.rs\/oglasi\/oglasivladimirci\/wp-json\/wp\/v2\/users\/1"}],"replies":[{"embeddable":true,"href":"https:\/\/oglasi.infooglasi.rs\/oglasi\/oglasivladimirci\/wp-json\/wp\/v2\/comments?post=7062"}],"version-history":[{"count":0,"href":"https:\/\/oglasi.infooglasi.rs\/oglasi\/oglasivladimirci\/wp-json\/wp\/v2\/posts\/7062\/revisions"}],"wp:featuredmedia":[{"embeddable":true,"href":"https:\/\/oglasi.infooglasi.rs\/oglasi\/oglasivladimirci\/wp-json\/wp\/v2\/media\/7058"}],"wp:attachment":[{"href":"https:\/\/oglasi.infooglasi.rs\/oglasi\/oglasivladimirci\/wp-json\/wp\/v2\/media?parent=7062"}],"wp:term":[{"taxonomy":"category","embeddable":true,"href":"https:\/\/oglasi.infooglasi.rs\/oglasi\/oglasivladimirci\/wp-json\/wp\/v2\/categories?post=7062"},{"taxonomy":"post_tag","embeddable":true,"href":"https:\/\/oglasi.infooglasi.rs\/oglasi\/oglasivladimirci\/wp-json\/wp\/v2\/tags?post=7062"}],"curies":[{"name":"wp","href":"https:\/\/api.w.org\/{rel}","templated":true}]}}