{"id":7183,"date":"2024-12-27T21:56:26","date_gmt":"2024-12-27T20:56:26","guid":{"rendered":"https:\/\/oglasi.infooglasi.rs\/oglasi\/oglasivladimirci\/batine-uvrede-i-tuzbe-pokojna-silvana-armenulic-pravila-vece-skandale-od-jelene-karleuse-a-dve-zene-ce-je-zauvek-pamtiti-po-zlu-oglasi-vladimirci\/"},"modified":"2024-12-27T21:56:26","modified_gmt":"2024-12-27T20:56:26","slug":"batine-uvrede-i-tuzbe-pokojna-silvana-armenulic-pravila-vece-skandale-od-jelene-karleuse-a-dve-zene-ce-je-zauvek-pamtiti-po-zlu-oglasi-vladimirci","status":"publish","type":"post","link":"https:\/\/oglasi.infooglasi.rs\/oglasi\/oglasivladimirci\/batine-uvrede-i-tuzbe-pokojna-silvana-armenulic-pravila-vece-skandale-od-jelene-karleuse-a-dve-zene-ce-je-zauvek-pamtiti-po-zlu-oglasi-vladimirci\/","title":{"rendered":"Batine, uvrede i tu\u017ebe: Pokojna Silvana Armenuli\u0107 pravila ve\u0107e skandale od Jelene Karleu\u0161e, a dve \u017eene \u0107e je zauvek pamtiti po zlu &#8211; OGLASI VLADIMIRCI"},"content":{"rendered":"<p><img decoding=\"async\" src=\"https:\/\/www.sd.rs\/sites\/default\/files\/styles\/category_lists_desktop_retina\/public\/2024-12\/silvana_karleusa.jpg\" \/><\/p>\n<div>\n<p><strong>Intrige na poslovnom, ali i privatnom planu je nisu zaobilazile, a nije ih se ni klonila.<\/strong><\/p>\n<\/p><\/div>\n<div>\n<p>Svedoci smo brojnih estradnih sva\u0111a u na\u0161em vremenu, poput dugogodi\u0161njeg sukoba izme\u0111u peva\u010dica Jelene Karleu\u0161e i Svetlane Cece Ra\u017enatovi\u0107, a da ni\u0161ta nije bilo druga\u010dije ni davne 1972. godine, svedo\u010di \u010dlanak iz nekada\u0161njeg \u010dasopisa &#8220;Studio&#8221;.\u00a0<\/p>\n<aside data-entity-type=\"node\" data-entity-uuid=\"cb91654a-83c8-4fe0-98c1-d2585062a058\" data-embed-button=\"node\" data-entity-embed-display=\"view_mode:node.embed\" data-langcode=\"sr-Latn\" data-entity-embed-display-settings=\"[]\" class=\"embedded-entity\">\n<div class=\"node node--article node--teaser node--embed node--not-live node--live-finished node--share\" data-nid=\"3488787\" data-url=\"https:\/\/www.sd.rs\/vip\/vip\/baba-vanga-prorekla-smrt-nasoj-pevacici-tacno-odredila-kada-ce-nastupiti-kraj-neces-moci-da-dodes-2024-11-22\">\n<div class=\"node__content\">\n<h3 class=\"field field--title\">\n              <a href=\"https:\/\/www.sd.rs\/vip\/vip\/baba-vanga-prorekla-smrt-nasoj-pevacici-tacno-odredila-kada-ce-nastupiti-kraj-neces-moci-da-dodes-2024-11-22\" class=\"link\" target=\"_blank\" rel=\"noopener\">Baba Vanga prorekla smrt na\u0161oj peva\u010dici: Ta\u010dno odredila kada \u0107e nastupiti kraj &#8211; Ne\u0107e\u0161 mo\u0107i da do\u0111e\u0161&#8230;<\/a><br \/>\n          <\/h3>\n<p>\n      <span class=\"date\">22.11.2024.<\/span><br \/>\n      <span class=\"time time--created\">21:50<\/span>\n    <\/p>\n<\/p><\/div>\n<\/div>\n<\/aside>\n<aside data-entity-type=\"node\" data-entity-uuid=\"69b5fb46-4a24-4ae2-a933-e39b13c108a4\" data-embed-button=\"node\" data-entity-embed-display=\"view_mode:node.embed\" data-langcode=\"sr-Latn\" data-entity-embed-display-settings=\"[]\" class=\"embedded-entity\">\n<div class=\"node node--article node--teaser node--embed node--not-live node--live-finished node--share\" data-nid=\"3509259\" data-url=\"https:\/\/www.sd.rs\/kultura\/pop-kultura\/nije-vise-ni-zena-nije-baba-sta-da-radimo-sa-njom-niko-nije-znao-da-anica-dobra-ovo-misli-o-cuvenoj-miri-banjac-2024-12-27\">\n<div class=\"node__content\">\n<h3 class=\"field field--title\">\n              <a href=\"https:\/\/www.sd.rs\/kultura\/pop-kultura\/nije-vise-ni-zena-nije-baba-sta-da-radimo-sa-njom-niko-nije-znao-da-anica-dobra-ovo-misli-o-cuvenoj-miri-banjac-2024-12-27\" class=\"link\" target=\"_blank\" rel=\"noopener\">&#8220;Nije vi\u0161e ni \u017eena, nije baba&#8230; \u0160ta da radimo sa njom?&#8221; Niko nije znao da Anica Dobra ovo misli o \u010duvenoj Miri Banjac<\/a><br \/>\n          <\/h3>\n<p>\n      <span class=\"date\">27.12.2024.<\/span><br \/>\n      <span class=\"time time--created\">19:37<\/span>\n    <\/p>\n<\/p><\/div>\n<\/div>\n<\/aside>\n<aside data-entity-type=\"node\" data-entity-uuid=\"d6ab156c-084e-457f-8de3-f5119639ac5a\" data-embed-button=\"node\" data-entity-embed-display=\"view_mode:node.embed\" data-langcode=\"sr-Latn\" data-entity-embed-display-settings=\"[]\" class=\"embedded-entity\">\n<div class=\"node node--article node--teaser node--embed node--not-live node--live-finished node--share\" data-nid=\"3505813\" data-url=\"https:\/\/www.sd.rs\/kultura\/vesti\/tasko-nacic-nakon-snimanja-davitelja-doziveo-neprijatnost-od-kolega-glumaca-40-godina-od-emitovanja-ostvarenja-otkrivena-velika-tajna-2024-12-21\">\n<div class=\"node__content\">\n<h3 class=\"field field--title\">\n              <a href=\"https:\/\/www.sd.rs\/kultura\/vesti\/tasko-nacic-nakon-snimanja-davitelja-doziveo-neprijatnost-od-kolega-glumaca-40-godina-od-emitovanja-ostvarenja-otkrivena-velika-tajna-2024-12-21\" class=\"link\" target=\"_blank\" rel=\"noopener\">Ta\u0161ko Na\u010di\u0107 nakon snimanja &#8220;Davitelja&#8221; do\u017eiveo neprijatnost od kolega glumaca: 40 godina od emitovanja ostvarenja, otkrivena velika tajna<\/a><br \/>\n          <\/h3>\n<p>\n      <span class=\"date\">21.12.2024.<\/span><br \/>\n      <span class=\"time time--created\">20:05<\/span>\n    <\/p>\n<\/p><\/div>\n<\/div>\n<\/aside>\n<p><\/p>\n<h2><strong>Sukob Vere i Silvane<\/strong><\/h2>\n<p>Nakon \u0161to je peva\u010dica <strong>Vera Svoboda<\/strong> progla\u0161ena za &#8220;glas godine&#8221;, pokojna <a href=\"https:\/\/www.sd.rs\/tags\/silvana-armenulic\" target=\"_blank\" rel=\"noopener\">Silvana Armenuli\u0107<\/a> je ovu pobedu okarakterisala kao name\u0161taljku.\u00a0<\/p>\n<p>&#8211; Ili je ona kupovala glasove ili je neko \u017eeleo da je forsira, ali mislim da je ono prvo u pitanju &#8211; izri\u010dita je bila pokojna peva\u010dica.\u00a0<\/p>\n<p>Me\u0111utim, Svoboda nije ostala nema na optu\u017ebe koleginice, te je u maniru dana\u0161njih estradnih zvezda zapretila tu\u017ebom i suptilno omalova\u017eila Armenuli\u0107ku.\u00a0<\/p>\n<p>&#8211; Bila sam negativno iznena\u0111ena te\u0161kim re\u010dima njenih optu\u017ebi. Moram priznati, to me je duboko potreslo, mo\u017eda i zato \u0161to nisam navikla na skandale. U \u010ditavoj karijeri nisam imala nijedan skandal, niti u profesionalnom, niti u privatnom \u017eivotu. Uspela sam zahvaljuju\u0107i upornom radu, \u0161to znaju moje kolege i koleginice &#8211; otkrila je za pomenuti \u010dasopis Vera, te, pored ostalog, poentirala:\u00a0\n<\/p>\n<p>&#8211; Na kraju ja bih pre\u0161la preko svega po onoj poznatoj uzre\u010dici: &#8220;Pravo je pobe\u0111enih da vi\u010du&#8221;. Ali moja bi superiornost bila shva\u0107ena kao slabost. Na\u017ealost, Silvana Armenuli\u0107 me je prisilila da sudskim putem zatr\u017eim za\u0161titu svoje \u010dasti &#8211; zaklju\u010dila je davne 1972. godine Vera Svoboda.\u00a0<\/p>\n<p>Novinari koji su bolje poznavali Silvanu Armenuli\u0107 zaklinjali su se da iz nje izvire bu\u010dno vrelo uvek novih vesti i senzacija: &#8220;\u0160to joj na umu, to joj i na drumu!&#8221;, govorili su i bez ustru\u010davanja eksploatisali brz jezik impulsivne dive.\u00a0<\/p>\n<h2><strong>Prebila ljubavnicu svog supruga<\/strong><\/h2>\n<p>Peva\u010dica Silvana Armenuli\u0107 svojevremeno je punila naslovnice zbog svog burnog privatnog \u017eivota, a zabele\u017eena je i situacija u kojoj se pokojna peva\u010dica li\u010dno obra\u010dunala sa tada\u0161njom ljubavnicom njenog supruga.\u00a0<\/p>\n<p>Radilo se o po\u0161tanskoj slu\u017ebenici Leposavi Jankov kojoj je Silvana, kako se navodilo, nanela te\u0161ke telesne povrede, a neko vreme se na dru\u0161tvenim mre\u017eama \u0161eruje ise\u010dak iz novina koji sadr\u017ei i fotografiju Leposave.\u00a0\n<\/p>\n<p>Po\u010detkom leta 1971. godine obelodanjeno je da je Silvana Armenuli\u0107 istukla suparnicu i da je pokrenut krivi\u010dni postupak protiv nje.\u00a0<\/p>\n<p>Radilo se o po\u0161tanskoj slu\u017ebenici Leposavi Jankov kojoj je Silvana, kako se navodilo, nanela te\u0161ke telesne povrede.\u00a0<\/p>\n<p>&#8211; Silvana je presrela mu\u017ea i njegovu prijateljicu dok su bili u njegovim kolima. Pratila ih je jedno vreme, a zatim naletela na mu\u017eevljev automobil sopstvenim kolima i zaustavila ih. Razjarena Silvana istr\u010dala je iz automobila, iz kola je izvukla mu\u017eevljevu prijateljicu Leposavu Jankov i tako je &#8216;propustila kroz ruke&#8217; da je nesre\u0107na \u017eena zadobila te\u0161ke povrede ki\u010dme, od kojih se i danas le\u010di &#8211; pisalo se tada.\u00a0\n<\/p>\n<p>&#8211; Ne volim da spominjem ime te \u017eene koja poku\u0161ava da se reklamira napadaju\u0107i mene. Zar joj nije dosta \u0161to je tri i po godine ulazila u moju ku\u0107u. Ja na koncert, ona u stan. Htela je i dete da mi uzme &#8211; govorila je Silvana.\u00a0<\/p>\n<p>I Leposava je jednom prilikom ispri\u010dala kako su joj nanete telesne povrede.\u00a0<\/p>\n<p>&#8211; Vra\u0107ala sam se sa Radmilom sa mog ro\u0111endana. Kad smo stigli pred moju ku\u0107u, izleteo je Zlatan Ili\u0107 da nas obavesti da Silvana \u010deka od 11 sati i da \u0107e me ubiti. Radmilo je okrenuo kola i po\u0161ao u Dubljansku ulicu gde stanuje Ili\u0107. Tamo smo se na\u0161li sve troje. Posle dogovora odlu\u010dili smo se da ipak po\u0111em na spavanje u svoj stan. Ba\u0161 pred ku\u0107om iznenada je iskrsnuo Silvanin &#8220;kapri&#8221; i blago nas udario. Radmilo je izleteo iz kola da vidi \u0161ta se dogodilo. Silvana je furiozno istr\u010dala, sva vrata izuzev onih pored volana bila su zaklju\u010dana. Silvana je upala u kola ba\u0161 kroz ta vrata. Vrisnula je da \u0107e mi iskopati o\u010di. Okrenula sam glavu i stavila ruku preko o\u010diju. Druga ruka mi je bila \u010dvrsto stegnuta . Zlatan Ili\u0107 je mislio da je to Silvanina ruka i \u010dvrsto je dr\u017eao. Ona me je vukla za kosu. Radmilo je po\u010deo da je izvla\u010di iz kola. Nije me pu\u0161tala. Radmila je vukao Pera Milenkovi\u0107. Trajalo je to nekoliko minuta. Svi su bili na meni. Sutradan u bolnici &#8220;Dragi\u0161a Mi\u0161ovi\u0107&#8221; Leposava Jankov je dobila uverenje o te\u0161kim telesnim povredama, ta\u010dnije o povredi dva vratna pr\u0161ljena.<\/p>\n<p>Slavna peva\u010dica Silvana Armenuli\u0107 poginula je 10. oktobra 1976. u saobra\u0107ajnoj nesre\u0107i na autoputu Beograd &#8211; Ni\u0161, kod mesta Kolari, vra\u0107aju\u0107i se sa koncerta iz Aleksandrovca.\u00a0\n<\/p>\n<p>Sa njom su tada nastradali i njena sestra Mirjana Barjaktarevi\u0107 i violinista Rade Ja\u0161arevi\u0107.\u00a0<\/p>\n<\/p><\/div>\n<p><a href=\"https:\/\/www.sd.rs\/vip\/vip\/batine-uvrede-i-tuzbe-pokojna-silvana-armenulic-pravila-vece-skandale-od-jelene-karleuse-dve-zene-ce-je-zauvek-pamtiti-po-zlu-2024-12-27\" target=\"_blank\" rel=\"noopener\">Source link <\/a><br \/>\n\nBatine, uvrede i tu\u017ebe: Pokojna Silvana Armenuli\u0107 pravila ve\u0107e skandale od Jelene Karleu\u0161e, a dve \u017eene \u0107e je zauvek pamtiti po zlu<\/p>\n","protected":false},"excerpt":{"rendered":"<p>Intrige na poslovnom, ali i privatnom planu je nisu zaobilazile, a nije ih se ni klonila. Svedoci smo brojnih estradnih&hellip;<\/p>\n","protected":false},"author":1,"featured_media":7184,"comment_status":"open","ping_status":"open","sticky":false,"template":"","format":"standard","meta":{"footnotes":""},"categories":[1],"tags":[],"class_list":["post-7183","post","type-post","status-publish","format-standard","has-post-thumbnail","hentry","category-oglasi-vladimirci"],"_links":{"self":[{"href":"https:\/\/oglasi.infooglasi.rs\/oglasi\/oglasivladimirci\/wp-json\/wp\/v2\/posts\/7183","targetHints":{"allow":["GET"]}}],"collection":[{"href":"https:\/\/oglasi.infooglasi.rs\/oglasi\/oglasivladimirci\/wp-json\/wp\/v2\/posts"}],"about":[{"href":"https:\/\/oglasi.infooglasi.rs\/oglasi\/oglasivladimirci\/wp-json\/wp\/v2\/types\/post"}],"author":[{"embeddable":true,"href":"https:\/\/oglasi.infooglasi.rs\/oglasi\/oglasivladimirci\/wp-json\/wp\/v2\/users\/1"}],"replies":[{"embeddable":true,"href":"https:\/\/oglasi.infooglasi.rs\/oglasi\/oglasivladimirci\/wp-json\/wp\/v2\/comments?post=7183"}],"version-history":[{"count":0,"href":"https:\/\/oglasi.infooglasi.rs\/oglasi\/oglasivladimirci\/wp-json\/wp\/v2\/posts\/7183\/revisions"}],"wp:featuredmedia":[{"embeddable":true,"href":"https:\/\/oglasi.infooglasi.rs\/oglasi\/oglasivladimirci\/wp-json\/wp\/v2\/media\/7184"}],"wp:attachment":[{"href":"https:\/\/oglasi.infooglasi.rs\/oglasi\/oglasivladimirci\/wp-json\/wp\/v2\/media?parent=7183"}],"wp:term":[{"taxonomy":"category","embeddable":true,"href":"https:\/\/oglasi.infooglasi.rs\/oglasi\/oglasivladimirci\/wp-json\/wp\/v2\/categories?post=7183"},{"taxonomy":"post_tag","embeddable":true,"href":"https:\/\/oglasi.infooglasi.rs\/oglasi\/oglasivladimirci\/wp-json\/wp\/v2\/tags?post=7183"}],"curies":[{"name":"wp","href":"https:\/\/api.w.org\/{rel}","templated":true}]}}