{"id":7427,"date":"2024-05-13T20:13:50","date_gmt":"2024-05-13T18:13:50","guid":{"rendered":"https:\/\/oglasi.infooglasi.rs\/oglasi\/oglasivrsac\/vlasti-vrsca-bele-crkve-i-plandista-bojkotuju-tv-banat-ministarstvo-apeluje-da-se-novinarima-omoguci-rad-oglasi-vrsac\/"},"modified":"2024-05-13T20:13:50","modified_gmt":"2024-05-13T18:13:50","slug":"vlasti-vrsca-bele-crkve-i-plandista-bojkotuju-tv-banat-ministarstvo-apeluje-da-se-novinarima-omoguci-rad-oglasi-vrsac","status":"publish","type":"post","link":"https:\/\/oglasi.infooglasi.rs\/oglasi\/oglasivrsac\/vlasti-vrsca-bele-crkve-i-plandista-bojkotuju-tv-banat-ministarstvo-apeluje-da-se-novinarima-omoguci-rad-oglasi-vrsac\/","title":{"rendered":"Vlasti Vr\u0161ca, Bele Crkve i Plandi\u0161ta bojkotuju TV Banat, ministarstvo apeluje da se novinarima omogu\u0107i rad &#8211; OGLASI VR\u0160AC"},"content":{"rendered":"<p><\/p>\n<div>\n<p><a href=\"https:\/\/www.cenzolovka.rs\/wp-content\/uploads\/2017\/09\/tv_banat_logo.jpg\" target=\"_blank\" rel=\"noopener\"><img loading=\"lazy\" decoding=\"async\" class=\"size-full wp-image-33944 alignright\" src=\"https:\/\/www.cenzolovka.rs\/wp-content\/uploads\/2017\/09\/tv_banat_logo.jpg\" alt=\"\" width=\"300\" height=\"204\"\/><\/a>U izjavi za UNS, iz Ministarstva kulture i informisanja podse\u0107aju da Zakon o javnom informisanju zabranjuje diskriminaciju medija i apeluju da se novinarima ne uskra\u0107uje pravo na izve\u0161tavanje.<\/p>\n<p>Direktor TV Banat rekao je UNS-u da ovaj medij probleme sa izve\u0161tavanjem iz Vr\u0161ca, Bele Crkve i Plandi\u0161ta ima od zavr\u0161etka predsedni\u010dkih izbora.<\/p>\n<p>\u201eNa\u0161im novinarima uskra\u0107ene su informacije od javnog zna\u010daja, a bilo je slu\u010dajeva da na\u0161a ekipa i fizi\u010dki bude udaljena sa snimanja. Poslednji put se to desilo pro\u0161log ponedeljka, prilikom zasedanja Skup\u0161tine grada Vr\u0161ca. Novinare TV Banat jednom je u Vr\u0161cu obezbe\u0111enje udaljilo sa otvaranja igrali\u0161ta za decu sa hendikepom, iako je to javna povr\u0161ina. Kada je premijerka Ana Brnabi\u0107 bila ovde na sve\u010danosti povodom berbe gro\u017e\u0111a rekli su nam da ne mo\u017eemo da prisustvujemo jer nemamo akreditaciju, iako je niko od medija nije imao. Glumci u pozori\u0161tu ne smeju da nam daju izjave jer su im rekli da nije dobro da se pojave na TV Banat\u2026\u201c, pri\u010da \u0110ilas.<\/p>\n<p>Sve institucije, navodi, koje ina\u010de imaju obavezu da medijima daju informacije od javnog zna\u010daja, obustavile su saradnju sa TV Banat iz njima nepoznatih razloga.<\/p>\n<p>\u201eBez ikakvog obrazlo\u017eenja, novinari na\u0161e televizije su se odjednom suo\u010dili sa \u2018zidom \u0107utanja\u2019. Kao da za ceo ju\u017eni Banat postoji jedan centar odakle im neko diktira kako se radi. O\u010digledno su odlu\u010dili da TV Banat vi\u0161e nije podobna televizija, a ovo je njihov na\u010din borbe protiv nepodobnih\u201c, rekao je \u0110ilas.<\/p>\n<p>Pre izbora, ka\u017ee, niko nije imao zamerke na rad televizije, tako da ne zna \u0161ta bi mogao biti razlog bojkota i diskriminacije.<\/p>\n<p>\u201eU toku izborne kampanje, sve strane su imale pristup televiziji, svim u\u010desnicima su bila otvorena vrata\u201c, ka\u017ee \u0110ilas i dodaje da ne \u017eeli da naga\u0111a koji je razlog, ali da jedino \u0161to redakcija mo\u017ee da pretpostavi je da je do\u0161lo do sukoba izme\u0111u vlasnika televizije, biznismena Milana Popovi\u0107a, i njegove firme Celanova kapital sa lokalnim vlastima.<\/p>\n<p>Pre Popovi\u0107a, do po\u010detka ove godine, TV Banat je bila u vlasni\u0161tvu Hemofarma.<\/p>\n<p>\u201ePisali smo dopise predsednicima op\u0161tina, javnih slu\u017ebi, pitali zbog \u010dega ne \u017eele da odgovaraju na na\u0161a pitanja, ali odgovore nikada nismo dobili. TV Banat \u0107e zbog eventualnog sukoba na nekom vi\u0161em, politi\u010dkom nivou, izme\u0111u vlasnika i vlasti, biti kolateralna \u0161teta. Ne mo\u017ee televizija da ispa\u0161ta zbog li\u010dnih sukoba. Ne mo\u017ee vlast da diskrimini\u0161e medije i ne daje izjave od javnog zna\u010daja samo jednoj televiziji. Mi samo \u017eelimo da imamo mogu\u0107nost da pravovremeno informi\u0161emo javnost\u201c, isti\u010de \u0110ilas za UNS.<\/p>\n<p>UNS je poku\u0161ao da razgovara sa gradona\u010delnicom Vr\u0161ca Draganom Mitrovi\u0107 i predsednicima op\u0161tina Bela Crkva Darkom Bogosavljevi\u0107em i Plandi\u0161te Jovanom Repcem, ali ni nakon nekoliko poziva UNS-a i obrazlo\u017eenja zbog \u010dega zovemo, \u010delnici ovih lokalnih samouprava nisu \u017eeleli da razgovaraju.<\/p>\n<p>TV Banat je i dopisni\u0161tvo pokrajinskog javnog servisa, Radio-televizije Vojvodina, sa podru\u010dja ju\u017enog Banata. \u0110ilas ka\u017ee da zbog problema sa ove tri op\u0161tine ne mogu potpuno da ispune svoju ulogu i da im to ve\u0107 sada stvara velike probleme.<\/p>\n<p>Ova medijska ku\u0107a u\u010destvovala je i na medijskim konkursima u Beloj Crkvi i Plandi\u0161tu, sa kojima su i potpisali ugovore o sufinasniranju projekata iz oblasti javnog informisanja.<\/p>\n<p>\u201eUskoro \u0107emo imati problema i sa pravdanjem projekata koje smo dobili. Plandi\u0161te nam od jula ne ispla\u0107uje novac za projekat, \u0161to je suprotno zakonu i ugovoru koji je potpisan. Ne znamo ni tome koji je razlog, pisali smo im dopise, pitali, ali odgovor nismo dobili. Bela Crkva i dalje ispla\u0107uje novac, a mi sve vi\u0161e imamo problem jer ne mo\u017eemo u potpunosti da sprovedemo projekat. Niko iz vlasti, niko od nadle\u017enih ne \u017eeli da nam da izjavu. Ne mo\u017eemo, na primer, raditi priloge o zapo\u0161ljavanju mladih, \u0161to je tema projekta u Beloj Crkvi, kada nemamo nikoga iz op\u0161tinske vlasti da o tome razgovara, da ka\u017ee kakvo je stanje. Snalazimo se, nalazimo stru\u010dnjake, ali to nije to. Na kraju ne\u0107emo mo\u0107i da imamo dovoljno ura\u0111enih priloga. Plandi\u0161te je mala op\u0161tina, tamo osim javnih preduze\u0107a nema ni\u010dega, tako da prakti\u010dno nemamo sa kim da razgovaramo\u201c, rekao je \u0110ilas.<\/p>\n<p>U Ministarstvu kulture i informisanja podse\u0107aju da Zakon o javnom informisanju i medijima u \u010dlanu 4. stav 2. predvi\u0111a da je zabranjena neposredna i posredna dikskriminacija urednika medija, novinara i drugih lica u oblasti javnog informisanja, naro\u010dito prema njihovoj politi\u010dkoj opredeljenosti i uverenju ili drugom li\u010dnom svojstvu.<\/p>\n<p>Kako ka\u017eu za UNS, ova norma se nalazi u osnovnim odredbama zakona, na\u010delne je prirode i za njeno nepo\u0161tovanje nije predvi\u0111ena sankcija.<\/p>\n<p>\u201eMinistarstvo se zala\u017ee za po\u0161tovanje prava na jednak pristup, bez diskriminacije doga\u0111ajima i informacijama, svim predstavnicima medija i apeluje na sve organe javne vlasti da ovo pravo novinarima ne uskra\u0107uju\u201c, rekli su UNS-u u ovom ministarstvu.<\/p>\n<p>U Ministarstvu dr\u017eavne uprave i lokalne samouprave (MDULS) ka\u017eu da se ovo ministarstvo zala\u017ee za otvorenost i transparnetnost u radu svakog organa vlasti, institucije, ustanove i organizacije.<\/p>\n<p>\u201eU skladu sa Zakonom o lokalnim samoupravama, op\u0161tine i gradovi se staraju o javnom informisanju od lokalnog zna\u010daja i obezbe\u0111uje uslove za javno informisanje na srpskom jeziku i jeziku nacionalnih manjina koji se koriste na teritoriji op\u0161tine. U skladu sa istim propisom sednice skup\u0161tine op\u0161tine su javne, a Skup\u0161tina op\u0161tine mo\u017ee odlu\u010diti da sednica skup\u0161tine ne bude javna. Uslove i na\u010dine za pra\u0107enje sednica skup\u0161tina op\u0161tina i eventualno isklju\u010divanje javnosti propisuje jedinica lokalne samouprave Poslovnikom o radu\u201c, ka\u017eu u MDULS.<\/p>\n<\/p><\/div>\n<p><a href=\"https:\/\/www.cenzolovka.rs\/drzava-i-mediji\/vlasti-vrsca-bele-crkve-i-plandista-bojkotuju-tv-banat-ministarstvo-apeluje-da-se-novinarima-omoguci-rad\/\" target=\"_blank\" rel=\"noopener\">Source link <\/a><br \/>\n\nVlasti Vr\u0161ca, Bele Crkve i Plandi\u0161ta bojkotuju TV Banat, ministarstvo apeluje da se novinarima omogu\u0107i rad<\/p>\n","protected":false},"excerpt":{"rendered":"<p>U izjavi za UNS, iz Ministarstva kulture i informisanja podse\u0107aju da Zakon o javnom informisanju zabranjuje diskriminaciju medija i apeluju&hellip;<\/p>\n","protected":false},"author":1,"featured_media":7428,"comment_status":"open","ping_status":"open","sticky":false,"template":"","format":"standard","meta":{"footnotes":""},"categories":[1],"tags":[],"class_list":["post-7427","post","type-post","status-publish","format-standard","has-post-thumbnail","hentry","category-oglasi-vrsac"],"_links":{"self":[{"href":"https:\/\/oglasi.infooglasi.rs\/oglasi\/oglasivrsac\/wp-json\/wp\/v2\/posts\/7427","targetHints":{"allow":["GET"]}}],"collection":[{"href":"https:\/\/oglasi.infooglasi.rs\/oglasi\/oglasivrsac\/wp-json\/wp\/v2\/posts"}],"about":[{"href":"https:\/\/oglasi.infooglasi.rs\/oglasi\/oglasivrsac\/wp-json\/wp\/v2\/types\/post"}],"author":[{"embeddable":true,"href":"https:\/\/oglasi.infooglasi.rs\/oglasi\/oglasivrsac\/wp-json\/wp\/v2\/users\/1"}],"replies":[{"embeddable":true,"href":"https:\/\/oglasi.infooglasi.rs\/oglasi\/oglasivrsac\/wp-json\/wp\/v2\/comments?post=7427"}],"version-history":[{"count":0,"href":"https:\/\/oglasi.infooglasi.rs\/oglasi\/oglasivrsac\/wp-json\/wp\/v2\/posts\/7427\/revisions"}],"wp:featuredmedia":[{"embeddable":true,"href":"https:\/\/oglasi.infooglasi.rs\/oglasi\/oglasivrsac\/wp-json\/wp\/v2\/media\/7428"}],"wp:attachment":[{"href":"https:\/\/oglasi.infooglasi.rs\/oglasi\/oglasivrsac\/wp-json\/wp\/v2\/media?parent=7427"}],"wp:term":[{"taxonomy":"category","embeddable":true,"href":"https:\/\/oglasi.infooglasi.rs\/oglasi\/oglasivrsac\/wp-json\/wp\/v2\/categories?post=7427"},{"taxonomy":"post_tag","embeddable":true,"href":"https:\/\/oglasi.infooglasi.rs\/oglasi\/oglasivrsac\/wp-json\/wp\/v2\/tags?post=7427"}],"curies":[{"name":"wp","href":"https:\/\/api.w.org\/{rel}","templated":true}]}}