{"id":7475,"date":"2024-07-12T02:01:15","date_gmt":"2024-07-12T00:01:15","guid":{"rendered":"https:\/\/oglasi.infooglasi.rs\/oglasi\/oglasivrsac\/vrscanin-damir-fejzic-ponovo-biciklom-pokorava-najvise-i-najteze-asfaltne-puteve-u-evropi-oglasi-vrsac\/"},"modified":"2024-07-12T02:01:15","modified_gmt":"2024-07-12T00:01:15","slug":"vrscanin-damir-fejzic-ponovo-biciklom-pokorava-najvise-i-najteze-asfaltne-puteve-u-evropi-oglasi-vrsac","status":"publish","type":"post","link":"https:\/\/oglasi.infooglasi.rs\/oglasi\/oglasivrsac\/vrscanin-damir-fejzic-ponovo-biciklom-pokorava-najvise-i-najteze-asfaltne-puteve-u-evropi-oglasi-vrsac\/","title":{"rendered":"Vr\u0161\u010danin Damir Fejzi\u0107 ponovo biciklom &#8220;pokorava&#8221; najvi\u0161e i najte\u017ee asfaltne puteve u Evropi &#8211; OGLASI VR\u0160AC"},"content":{"rendered":"<p><\/p>\n<div>\n<div class=\"jeg_ad jeg_ad_article jnews_content_inline_ads  \">\n<div class=\"ads-wrapper align-center \"><a href=\"https:\/\/dovs.online\/\" rel=\"noopener\" class=\"adlink ads_image align-center\" target=\"_blank\"><br \/>\n                                    <img decoding=\"async\" class=\"lazyload\" src=\"https:\/\/evrsac.rs\/wp-content\/uploads\/2024\/06\/studentska-kartica.png\" alt=\"\" data-pin-no-hover=\"true\"\/><br \/>\n                                <\/a><\/div>\n<\/div>\n<h5><strong>Vr\u0161a\u010dki olimpijac Damir Fejzi\u0107 (30) i ove godine krenuo je u neverovatnu biciklisti\u010dku avanturu, vo\u017enju po najvi\u0161im i najte\u017eim asfaltnim putevima u Evropi. Tre\u0107u godinu za redom\u2026<\/strong><\/h5>\n<p>\u201eOve godine cilj mi je bio da pre\u0111em tri putna prevoja Alpa, koja se nalaze u Francuskoj, a kroz koja ove godine prolazi i \u010duveni \u201eTur de Frans\u201c. U tome sam uspeo i to za svega \u0161est dana. U Bazel sam stigao 3. jula avionom i odatle sam biciklom pre\u0161ao u Francusku, po prvi put voze\u0107i kroz zapadni deo \u0160vajcarske. U francuskim Alpima sam najpre popeo vrh Kol di Vars, koji se nalazi na 2.109 metara nadmorske visine, zatim Kol di Galibije na 2.642 mnv i na kraju Kol de la Bonet, koji je sa svojih 2.802 metra nadmorske visine zvani\u010dno najvi\u0161i put u Evropi\u201c, ka\u017ee Fejzi\u0107.<\/p>\n<p><img fetchpriority=\"high\" decoding=\"async\" class=\"aligncenter wp-image-57508 size-full\" src=\"https:\/\/evrsac.rs\/wp-content\/uploads\/2024\/07\/fejzic.jpg\" alt=\"\" width=\"906\" height=\"513\" srcset=\"https:\/\/evrsac.rs\/wp-content\/uploads\/2024\/07\/fejzic.jpg 906w, https:\/\/evrsac.rs\/wp-content\/uploads\/2024\/07\/fejzic-300x170.jpg 300w, https:\/\/evrsac.rs\/wp-content\/uploads\/2024\/07\/fejzic-768x435.jpg 768w, https:\/\/evrsac.rs\/wp-content\/uploads\/2024\/07\/fejzic-750x425.jpg 750w\" sizes=\"(max-width: 906px) 100vw, 906px\"\/><\/p>\n<p>Prema njegovim re\u010dima, ovaj deo veoma zahtevne rute zavr\u0161io je u Nici, gde \u0107e ove godine, po prvi put u istoriji, biti i cilj \u201eTur de Fransa\u201c.<\/p>\n<p>\u201eAlpi do\u010deka\u0161e \u0161irokih planina, pa tako i isprati\u0161e. Svaki put dodaju malu kockicu i upgrade na \u017eivot i karakter. \u0160ta je lep\u0161e od \u0161est dana dru\u017eenja i 12.000 metara popetih\u201c, ka\u017ee Fejzi\u0107, koji radi i kao trener u svom mati\u010dnom Tekvondo klubu \u201eEuro\u0161ped\u201c u Vr\u0161cu.<\/p>\n<p>Tu se avantura za Fejzi\u0107a ne zavr\u0161ava. Nastavlja je na Kanarskim ostrvima. Tamo je pro\u0161le godine, posle penjanja na dva najvi\u0161a asfaltna prelaza u \u0161vajcarskim Alpima, savladao najdu\u017ei uspon u Evropi, koji sa konstantnim usponom u du\u017eini od 47 kilometara vodi do vulkana Teide, ina\u010de najvi\u0161e planine u \u0160paniji.<\/p>\n<p>U prvoj ovakvoj avanturi, 2022. godine, sam se popeo na najvi\u0161i asfaltni put u Evropi Paso del Stelvio (2.758 mnv) u Italiji, a vozio je i do Maroka, Be\u010da, crnogorskog primorja\u2026<\/p>\n<\/p><\/div>\n<p><a href=\"https:\/\/evrsac.rs\/vrscanin-damir-fejzic-ponovo-biciklom-pokorava-najvise-i-najteze-asfaltne-puteve-u-evropi\/\" target=\"_blank\" rel=\"noopener\">Source link <\/a><br \/>\n\nVr\u0161\u010danin Damir Fejzi\u0107 ponovo biciklom &#8220;pokorava&#8221; najvi\u0161e i najte\u017ee asfaltne puteve u Evropi<\/p>\n","protected":false},"excerpt":{"rendered":"<p>Vr\u0161a\u010dki olimpijac Damir Fejzi\u0107 (30) i ove godine krenuo je u neverovatnu biciklisti\u010dku avanturu, vo\u017enju po najvi\u0161im i najte\u017eim asfaltnim&hellip;<\/p>\n","protected":false},"author":1,"featured_media":7476,"comment_status":"open","ping_status":"open","sticky":false,"template":"","format":"standard","meta":{"footnotes":""},"categories":[1],"tags":[],"class_list":["post-7475","post","type-post","status-publish","format-standard","has-post-thumbnail","hentry","category-oglasi-vrsac"],"_links":{"self":[{"href":"https:\/\/oglasi.infooglasi.rs\/oglasi\/oglasivrsac\/wp-json\/wp\/v2\/posts\/7475","targetHints":{"allow":["GET"]}}],"collection":[{"href":"https:\/\/oglasi.infooglasi.rs\/oglasi\/oglasivrsac\/wp-json\/wp\/v2\/posts"}],"about":[{"href":"https:\/\/oglasi.infooglasi.rs\/oglasi\/oglasivrsac\/wp-json\/wp\/v2\/types\/post"}],"author":[{"embeddable":true,"href":"https:\/\/oglasi.infooglasi.rs\/oglasi\/oglasivrsac\/wp-json\/wp\/v2\/users\/1"}],"replies":[{"embeddable":true,"href":"https:\/\/oglasi.infooglasi.rs\/oglasi\/oglasivrsac\/wp-json\/wp\/v2\/comments?post=7475"}],"version-history":[{"count":0,"href":"https:\/\/oglasi.infooglasi.rs\/oglasi\/oglasivrsac\/wp-json\/wp\/v2\/posts\/7475\/revisions"}],"wp:featuredmedia":[{"embeddable":true,"href":"https:\/\/oglasi.infooglasi.rs\/oglasi\/oglasivrsac\/wp-json\/wp\/v2\/media\/7476"}],"wp:attachment":[{"href":"https:\/\/oglasi.infooglasi.rs\/oglasi\/oglasivrsac\/wp-json\/wp\/v2\/media?parent=7475"}],"wp:term":[{"taxonomy":"category","embeddable":true,"href":"https:\/\/oglasi.infooglasi.rs\/oglasi\/oglasivrsac\/wp-json\/wp\/v2\/categories?post=7475"},{"taxonomy":"post_tag","embeddable":true,"href":"https:\/\/oglasi.infooglasi.rs\/oglasi\/oglasivrsac\/wp-json\/wp\/v2\/tags?post=7475"}],"curies":[{"name":"wp","href":"https:\/\/api.w.org\/{rel}","templated":true}]}}