{"id":7501,"date":"2024-08-06T07:27:55","date_gmt":"2024-08-06T05:27:55","guid":{"rendered":"https:\/\/oglasi.infooglasi.rs\/oglasi\/oglasivrsac\/novinar-stefan-cvetkovic-podnosi-krivicnu-prijavu-protiv-sebe-i-protiv-vucica-oglasi-vrsac\/"},"modified":"2024-08-06T07:27:55","modified_gmt":"2024-08-06T05:27:55","slug":"novinar-stefan-cvetkovic-podnosi-krivicnu-prijavu-protiv-sebe-i-protiv-vucica-oglasi-vrsac","status":"publish","type":"post","link":"https:\/\/oglasi.infooglasi.rs\/oglasi\/oglasivrsac\/novinar-stefan-cvetkovic-podnosi-krivicnu-prijavu-protiv-sebe-i-protiv-vucica-oglasi-vrsac\/","title":{"rendered":"Novinar Stefan Cvetkovi\u0107 podnosi krivi\u010dnu prijavu protiv sebe i protiv Vu\u010di\u0107a &#8211; OGLASI VR\u0160AC"},"content":{"rendered":"<p><\/p>\n<div>\n<p>Novinar Stefan Cvetkovi\u0107 iz Bele Crkve koji je osu\u0111en na vi\u0161e od dve godine zatvora po prijavama funkcionera Srpske napredne stranke (SNS), rekao je danas da \u0107e podneti krivi\u010dnu prijavu protiv sebe, ali i protiv predsednika SNS i kandidata za predsednika Srbije Aleksandra Vu\u010di\u0107a.<\/p>\n<p>On je na konferenciji za novinare rekao da \u0107e podneti krivi\u010dnu prijavu kojom \u0107e tra\u017eiti kaznu za sebe, ako se doka\u017eu navodi zamenika predsednika op\u0161tine Bela Crkva Jovana Daje da je on \u201cstrani pla\u0107enik, samozvani novinar i la\u017eni magistar\u201d i da se finansira iz fondova Soro\u0161a, a da \u0107e, ako se to ne doka\u017ee, tra\u017eiti da Daja bude ka\u017enjen.<\/p>\n<p>Cvetkovi\u0107 je rekao i da \u0107e podneti krivi\u010dnu prijavu protiv Vu\u010di\u0107a, kao organizatora kriminalne grupe koja prema Dajinim navodima, sprema kra\u0111u izbora, reketira neistomi\u0161ljenike i vr\u0161i pritiske.<\/p>\n<p>On je upitao Vu\u010di\u0107a da li mu je poznato da je jedan visoki funkcioner SNS uzeo novac od tajkuna, da li \u0107e taj funkcioner kojeg nije imenovao i njegov otac govoriti na mitingu SNS u Kragujevcu i da li \u0107e, ako je ta\u010dno da je uzimao novac od tajkuna, podneti ostavku na premijersko mesto i povu\u0107i se iz predsedni\u010dke trke.<\/p>\n<p>Cvetkovi\u0107 je naveo i da su tu\u017ebe zbog kojih je osu\u0111en nov\u010dano, ali i na kaznu zatvora, protiv njega podneli visoki funkcioner SNS Branko Malovi\u0107, predsednik op\u0161tine Alibunar Predrag Beli\u0107 i potpredsednik gradskog odbora SNS Pan\u010devo.<\/p>\n<p>On je rekao da je motiv za podno\u0161enje krivi\u010dne prijave protiv njega bio to \u0161to je na konferencijama za novinare postavljao pitanja u vezi sa njihovom ume\u0161ano\u0161\u0107u u kriminal.<\/p>\n<p>Cvetkovi\u0107 je rekao da je koliko je razumeo iz presude neovla\u0161\u0107eno postavljao tu\u0111e fotografije.<\/p>\n<p>\u201cJa dolazim u apsurdnu situaciju da ne znam za\u0161to sam osu\u0111en. Ja ni\u010dije slike nikada nisam objavljivao\u201d, rekao je Cvetkovi\u0107.<\/p>\n<p>On je dodao da su ro\u010di\u0161ta po sve tri tu\u017ebe zakazana za isti dan i da je on u vreme su\u0111enja imao informaciju da \u0107e postupaju\u0107a sudija Cveta Kaljevi\u0107 Grubi\u0161i\u0107 da ga osudi i da radi po nalogu.<\/p>\n<p>Kako je ocenio, to je sudija sa najve\u0107im brojem zastarelih predmeta, ali je bila predana da se presuda u njegovom slu\u010daju donese u kratkom roku.<\/p>\n<p>Cvetkovi\u0107 je dodao da je i sudija \u017ertva, jer pristaje na pritiske.<\/p>\n<\/p><\/div>\n<p><a href=\"https:\/\/www.cenzolovka.rs\/pritisci-i-napadi\/novinar-stefan-cvetkovic-podnosi-krivicnu-prijavu-protiv-sebe-i-protiv-vucica\/\" target=\"_blank\" rel=\"noopener\">Source link <\/a><br \/>\n\nNovinar Stefan Cvetkovi\u0107 podnosi krivi\u010dnu prijavu protiv sebe i protiv Vu\u010di\u0107a<\/p>\n","protected":false},"excerpt":{"rendered":"<p>Novinar Stefan Cvetkovi\u0107 iz Bele Crkve koji je osu\u0111en na vi\u0161e od dve godine zatvora po prijavama funkcionera Srpske napredne&hellip;<\/p>\n","protected":false},"author":1,"featured_media":7344,"comment_status":"open","ping_status":"open","sticky":false,"template":"","format":"standard","meta":{"footnotes":""},"categories":[1],"tags":[],"class_list":["post-7501","post","type-post","status-publish","format-standard","has-post-thumbnail","hentry","category-oglasi-vrsac"],"_links":{"self":[{"href":"https:\/\/oglasi.infooglasi.rs\/oglasi\/oglasivrsac\/wp-json\/wp\/v2\/posts\/7501","targetHints":{"allow":["GET"]}}],"collection":[{"href":"https:\/\/oglasi.infooglasi.rs\/oglasi\/oglasivrsac\/wp-json\/wp\/v2\/posts"}],"about":[{"href":"https:\/\/oglasi.infooglasi.rs\/oglasi\/oglasivrsac\/wp-json\/wp\/v2\/types\/post"}],"author":[{"embeddable":true,"href":"https:\/\/oglasi.infooglasi.rs\/oglasi\/oglasivrsac\/wp-json\/wp\/v2\/users\/1"}],"replies":[{"embeddable":true,"href":"https:\/\/oglasi.infooglasi.rs\/oglasi\/oglasivrsac\/wp-json\/wp\/v2\/comments?post=7501"}],"version-history":[{"count":0,"href":"https:\/\/oglasi.infooglasi.rs\/oglasi\/oglasivrsac\/wp-json\/wp\/v2\/posts\/7501\/revisions"}],"wp:featuredmedia":[{"embeddable":true,"href":"https:\/\/oglasi.infooglasi.rs\/oglasi\/oglasivrsac\/wp-json\/wp\/v2\/media\/7344"}],"wp:attachment":[{"href":"https:\/\/oglasi.infooglasi.rs\/oglasi\/oglasivrsac\/wp-json\/wp\/v2\/media?parent=7501"}],"wp:term":[{"taxonomy":"category","embeddable":true,"href":"https:\/\/oglasi.infooglasi.rs\/oglasi\/oglasivrsac\/wp-json\/wp\/v2\/categories?post=7501"},{"taxonomy":"post_tag","embeddable":true,"href":"https:\/\/oglasi.infooglasi.rs\/oglasi\/oglasivrsac\/wp-json\/wp\/v2\/tags?post=7501"}],"curies":[{"name":"wp","href":"https:\/\/api.w.org\/{rel}","templated":true}]}}