{"id":7514,"date":"2024-08-21T03:52:03","date_gmt":"2024-08-21T01:52:03","guid":{"rendered":"https:\/\/oglasi.infooglasi.rs\/oglasi\/oglasivrsac\/zavrseni-dani-preobrazenja-u-uljmi-oglasi-vrsac\/"},"modified":"2024-08-21T03:52:03","modified_gmt":"2024-08-21T01:52:03","slug":"zavrseni-dani-preobrazenja-u-uljmi-oglasi-vrsac","status":"publish","type":"post","link":"https:\/\/oglasi.infooglasi.rs\/oglasi\/oglasivrsac\/zavrseni-dani-preobrazenja-u-uljmi-oglasi-vrsac\/","title":{"rendered":"Zavr\u0161eni Dani preobra\u017eenja u Uljmi &#8211; OGLASI VR\u0160AC"},"content":{"rendered":"<p><\/p>\n<div>\n<div class=\"jeg_ad jeg_ad_article jnews_content_inline_ads  \">\n<div class=\"ads-wrapper align-center \"><a href=\"https:\/\/dovs.online\/\" rel=\"noopener\" class=\"adlink ads_image align-center\" target=\"_blank\"><br \/>\n                                    <img decoding=\"async\" class=\"lazyload\" src=\"https:\/\/evrsac.rs\/wp-content\/uploads\/2024\/06\/studentska-kartica.png\" alt=\"\" data-pin-no-hover=\"true\"\/><br \/>\n                                <\/a><\/div>\n<\/div>\n<h5><strong>Uljmani su tokom prethodna tri dana, tradicionalnom manifestacijom Dani preobra\u017eenja proslavili seosku slavu Preobra\u017eenje Gospodnje. Manifestaciju su obele\u017eili raznoliki kulturni, zabavni i sportski sadr\u017eaji. Najve\u0107i broj u\u010desnika okupio je Preobra\u017eenski kotli\u0107 u glavnom parku gde se u kuvanju riblje \u010dorbe takmi\u010dilo \u010dak 35 ekipa, dok su tri najbolje prema oceni stru\u010dnog \u017eirija Poljoprivredne \u0161kole Vr\u0161ac odnele nagrade.<\/strong><\/h5>\n<p><img fetchpriority=\"high\" decoding=\"async\" class=\"aligncenter wp-image-58185 size-full\" src=\"https:\/\/evrsac.rs\/wp-content\/uploads\/2024\/08\/02-05-58a12b11a4d32d3b46110cea4004480f147a61e550ff8b93d4e8b297c21096c0-d2d91369fc03c12a.jpg\" alt=\"\" width=\"1000\" height=\"666\" srcset=\"https:\/\/evrsac.rs\/wp-content\/uploads\/2024\/08\/02-05-58a12b11a4d32d3b46110cea4004480f147a61e550ff8b93d4e8b297c21096c0-d2d91369fc03c12a.jpg 1000w, https:\/\/evrsac.rs\/wp-content\/uploads\/2024\/08\/02-05-58a12b11a4d32d3b46110cea4004480f147a61e550ff8b93d4e8b297c21096c0-d2d91369fc03c12a-300x200.jpg 300w, https:\/\/evrsac.rs\/wp-content\/uploads\/2024\/08\/02-05-58a12b11a4d32d3b46110cea4004480f147a61e550ff8b93d4e8b297c21096c0-d2d91369fc03c12a-768x511.jpg 768w, https:\/\/evrsac.rs\/wp-content\/uploads\/2024\/08\/02-05-58a12b11a4d32d3b46110cea4004480f147a61e550ff8b93d4e8b297c21096c0-d2d91369fc03c12a-750x500.jpg 750w\" sizes=\"(max-width: 1000px) 100vw, 1000px\"\/><\/p>\n<p>Centralni doga\u0111aj bio je bazar udru\u017eenja \u017eena na Trgu ispred Mesne zajednice gde je svoje rukotvorine izlagalo 22 udru\u017eenja iz celog Ju\u017enog Banata, takmi\u010de\u0107i se za najure\u0111eniji \u0161tand. Ceo trg obilovao je predivnim aran\u017emanima, a prvu nagradu odnelo je udru\u017eenje \u201eBogatstvo razli\u010ditosti\u201c iz Gudurice, drugu nagradu novoosnovano udru\u017eenje \u201eZlatne ruke\u201c iz Vr\u0161ca, dok je tre\u0107a nagrada pripala udru\u017eenju \u017eena \u201eDolina lipa\u201c iz Ku\u0161tilja.<\/p>\n<p><img loading=\"lazy\" decoding=\"async\" class=\"aligncenter wp-image-58183 size-full\" src=\"https:\/\/evrsac.rs\/wp-content\/uploads\/2024\/08\/02-05-e52559400e114565e349a55e9f5df9905d7c2994097179940c97552260a279bd-bee2f6df5b355ad.jpg\" alt=\"\" width=\"1000\" height=\"666\" srcset=\"https:\/\/evrsac.rs\/wp-content\/uploads\/2024\/08\/02-05-e52559400e114565e349a55e9f5df9905d7c2994097179940c97552260a279bd-bee2f6df5b355ad.jpg 1000w, https:\/\/evrsac.rs\/wp-content\/uploads\/2024\/08\/02-05-e52559400e114565e349a55e9f5df9905d7c2994097179940c97552260a279bd-bee2f6df5b355ad-300x200.jpg 300w, https:\/\/evrsac.rs\/wp-content\/uploads\/2024\/08\/02-05-e52559400e114565e349a55e9f5df9905d7c2994097179940c97552260a279bd-bee2f6df5b355ad-768x511.jpg 768w, https:\/\/evrsac.rs\/wp-content\/uploads\/2024\/08\/02-05-e52559400e114565e349a55e9f5df9905d7c2994097179940c97552260a279bd-bee2f6df5b355ad-750x500.jpg 750w\" sizes=\"auto, (max-width: 1000px) 100vw, 1000px\"\/><\/p>\n<p>Poseban izazov za udru\u017eenja \u017eena bilo je i takmi\u010denje u pripremi najukusnije slane pite, a kao najbolje kuvarice pokazale su se doma\u0107ice iz Ore\u0161ca, drugo mesto u veoma velikoj konkurenciji pripalo je udru\u017eenju \u017eena iz Vojvodinaca dok su tre\u0107e mesto odnele \u017eene iz Gradske organizacije invalida rada Vr\u0161ac.<\/p>\n<p>U okviru sportskog programa najmasovnije su tradicionalno bile uli\u010dne trke namenjene deci \u0161kolskog uzrasta, na kojima su svi u\u010desnici nagra\u0111eni medaljama, nije izostao ni \u010duveni rapid turnir u \u0161ahu, dok su uljmanski karatisti i tekvondisti na Trgu prikazali svoje ve\u0161tine. Najmla\u0111i Uljmani u ve\u010dernjim satima u Glavnom parku imali su priliku da u bioskopu na otvorenom u\u017eivaju u projekcijama crtanih filmova.<\/p>\n<p>Uljmani su se i ove godine pokazali kao izuzetni doma\u0107ini pa su za sve u\u010desnike obezbedili i sve\u010danu ve\u010deru uz gula\u0161, koja se pretvorila u dru\u017eenje i veselje uz \u017eivu muziku, a najzaslu\u017enij za organizaciju su predsednik Saveta MZ Uljma Du\u0161an Radovanov, predsednica udru\u017eenja \u017eena iz Uljme Dragica Babin, kao i Vesna Brankov, odbornica u Skup\u0161tini Grada Vr\u0161ca iz Uljme.<\/p>\n<p>U ime lokalne samouprave manifestaciju su svojim prisustvom uveli\u010dali predsednik Skup\u0161tine Grada Vr\u0161ca Milovan Vuji\u010di\u0107, kao i \u010dlanovi Gradskog ve\u0107a Slavi\u0161a Maksimovi\u0107, Livija Stanojev i Trajan Ka\u010dina.<\/p>\n<p><img loading=\"lazy\" decoding=\"async\" class=\"aligncenter wp-image-58184 size-full\" src=\"https:\/\/evrsac.rs\/wp-content\/uploads\/2024\/08\/02-05-2c57a98fe9f454f455e152a642234a9f91e7e9bd586dc5902e682aff470f2acb-251d622e1eb77c07.jpg\" alt=\"\" width=\"997\" height=\"580\" srcset=\"https:\/\/evrsac.rs\/wp-content\/uploads\/2024\/08\/02-05-2c57a98fe9f454f455e152a642234a9f91e7e9bd586dc5902e682aff470f2acb-251d622e1eb77c07.jpg 997w, https:\/\/evrsac.rs\/wp-content\/uploads\/2024\/08\/02-05-2c57a98fe9f454f455e152a642234a9f91e7e9bd586dc5902e682aff470f2acb-251d622e1eb77c07-300x175.jpg 300w, https:\/\/evrsac.rs\/wp-content\/uploads\/2024\/08\/02-05-2c57a98fe9f454f455e152a642234a9f91e7e9bd586dc5902e682aff470f2acb-251d622e1eb77c07-768x447.jpg 768w, https:\/\/evrsac.rs\/wp-content\/uploads\/2024\/08\/02-05-2c57a98fe9f454f455e152a642234a9f91e7e9bd586dc5902e682aff470f2acb-251d622e1eb77c07-750x436.jpg 750w\" sizes=\"auto, (max-width: 997px) 100vw, 997px\"\/><\/p>\n<p>\u201e\u017deleo bih da svim me\u0161tanima Uljme u ime Grada vr\u0161ca i u svoje li\u010dno ime \u010destitam slavu Preobra\u017eenje Gospodnje i da se zahvalim Savetu mesne zajednice Uljma kao i udru\u017eenju \u017eena koji su se kao i svake godine potrudili da ova manifestacija bude organizovana na vrhunskom nivou i da protekne u najboljem redu. Ponosan sam da ovako veliki odziv u\u010desnika i posetilaca ove manifestacije, zbog \u010dega najvi\u0161e Grad Vr\u0161ac aktivno podr\u017eava sve manifestacije koje se organizuju u na\u0161im selima i to \u0107e nastaviti da \u010dini i u budu\u0107nosti. Ono \u0161to moram da naglasim jeste da je Uljma mesto u koje se mnogo investira, tako da su u toku zavr\u0161ni radovi na novoj sportskoj dvorani \u010diji je projekat vredan preko 160 miliona dinara, u toku je izrada planskog dokumenta za projektovanje i izgradnju mre\u017ee fekalne kanalizacije u Uljmi, Izbi\u0161tu i Vlajkovcu, dok nas u predstoje\u0107em periodu o\u010dekuje i rekonstrukcija ambulante u ovom najve\u0107em naseljenom mestu Grada Vr\u0161ca\u201c, rekao je Slavi\u0161a Maksimovi\u0107, \u010dlan Gradskog ve\u0107a za ruralni razvoj i brigu o selu.<\/p>\n<\/p><\/div>\n<p><a href=\"https:\/\/evrsac.rs\/zavrseni-dani-preobrazenja-u-uljmi\/\" target=\"_blank\" rel=\"noopener\">Source link <\/a><br \/>\n\nZavr\u0161eni Dani preobra\u017eenja u Uljmi<\/p>\n","protected":false},"excerpt":{"rendered":"<p>Uljmani su tokom prethodna tri dana, tradicionalnom manifestacijom Dani preobra\u017eenja proslavili seosku slavu Preobra\u017eenje Gospodnje. Manifestaciju su obele\u017eili raznoliki kulturni,&hellip;<\/p>\n","protected":false},"author":1,"featured_media":7515,"comment_status":"open","ping_status":"open","sticky":false,"template":"","format":"standard","meta":{"footnotes":""},"categories":[1],"tags":[],"class_list":["post-7514","post","type-post","status-publish","format-standard","has-post-thumbnail","hentry","category-oglasi-vrsac"],"_links":{"self":[{"href":"https:\/\/oglasi.infooglasi.rs\/oglasi\/oglasivrsac\/wp-json\/wp\/v2\/posts\/7514","targetHints":{"allow":["GET"]}}],"collection":[{"href":"https:\/\/oglasi.infooglasi.rs\/oglasi\/oglasivrsac\/wp-json\/wp\/v2\/posts"}],"about":[{"href":"https:\/\/oglasi.infooglasi.rs\/oglasi\/oglasivrsac\/wp-json\/wp\/v2\/types\/post"}],"author":[{"embeddable":true,"href":"https:\/\/oglasi.infooglasi.rs\/oglasi\/oglasivrsac\/wp-json\/wp\/v2\/users\/1"}],"replies":[{"embeddable":true,"href":"https:\/\/oglasi.infooglasi.rs\/oglasi\/oglasivrsac\/wp-json\/wp\/v2\/comments?post=7514"}],"version-history":[{"count":0,"href":"https:\/\/oglasi.infooglasi.rs\/oglasi\/oglasivrsac\/wp-json\/wp\/v2\/posts\/7514\/revisions"}],"wp:featuredmedia":[{"embeddable":true,"href":"https:\/\/oglasi.infooglasi.rs\/oglasi\/oglasivrsac\/wp-json\/wp\/v2\/media\/7515"}],"wp:attachment":[{"href":"https:\/\/oglasi.infooglasi.rs\/oglasi\/oglasivrsac\/wp-json\/wp\/v2\/media?parent=7514"}],"wp:term":[{"taxonomy":"category","embeddable":true,"href":"https:\/\/oglasi.infooglasi.rs\/oglasi\/oglasivrsac\/wp-json\/wp\/v2\/categories?post=7514"},{"taxonomy":"post_tag","embeddable":true,"href":"https:\/\/oglasi.infooglasi.rs\/oglasi\/oglasivrsac\/wp-json\/wp\/v2\/tags?post=7514"}],"curies":[{"name":"wp","href":"https:\/\/api.w.org\/{rel}","templated":true}]}}