{"id":7666,"date":"2024-12-12T14:41:33","date_gmt":"2024-12-12T13:41:33","guid":{"rendered":"https:\/\/oglasi.infooglasi.rs\/oglasi\/oglasivrsac\/mihajlovic-o-ubistvu-devojcice-u-vrscu-neophodno-sprovesti-istragu-i-utvrditi-odgovornost-oglasi-vrsac\/"},"modified":"2024-12-12T14:41:33","modified_gmt":"2024-12-12T13:41:33","slug":"mihajlovic-o-ubistvu-devojcice-u-vrscu-neophodno-sprovesti-istragu-i-utvrditi-odgovornost-oglasi-vrsac","status":"publish","type":"post","link":"https:\/\/oglasi.infooglasi.rs\/oglasi\/oglasivrsac\/mihajlovic-o-ubistvu-devojcice-u-vrscu-neophodno-sprovesti-istragu-i-utvrditi-odgovornost-oglasi-vrsac\/","title":{"rendered":"Mihajlovi\u0107 o ubistvu devoj\u010dice u Vr\u0161cu: Neophodno sprovesti istragu i utvrditi odgovornost &#8211; OGLASI VR\u0160AC"},"content":{"rendered":"<p><img decoding=\"async\" width=\"300\" height=\"168\" src=\"https:\/\/www.danas.rs\/wp-content\/uploads\/2022\/10\/zorana-mihajlovic-5-300x168.png\" class=\"attachment-medium size-medium wp-post-image\" alt=\"Mihajlovi\u0107 o ubistvu devoj\u010dice u Vr\u0161cu: Neophodno sprovesti istragu i utvrditi odgovornost 10\" style=\"float:left;margin:0 10px 10px 0\" loading=\"lazy\" title=\"Mihajlovi\u0107 o ubistvu devoj\u010dice u Vr\u0161cu: Neophodno sprovesti istragu i utvrditi odgovornost 10\">Predsednica Koordinacionog tela za rodnu ravnopravnost Zorana Mihajlovi\u0107 izjavila je danas da je neophodna istraga i kontrola rada institucija u vezi sa ubistvom deteta u Vr\u0161cu, kako bi se utvrdila odgovornost i spre\u010dili sli\u010dni propusti u centrima za socijalni rad.<br \/>\n<br \/><a href=\"https:\/\/www.danas.rs\/vesti\/drustvo\/mihajlovic-o-ubistvu-devojcice-u-vrscu-neophodno-sprovesti-istragu-i-utvrditi-odgovornost\/\" target=\"_blank\" rel=\"noopener\">Source link <\/a><br \/>\n\nMihajlovi\u0107 o ubistvu devoj\u010dice u Vr\u0161cu: Neophodno sprovesti istragu i utvrditi odgovornost<\/p>\n","protected":false},"excerpt":{"rendered":"<p>Predsednica Koordinacionog tela za rodnu ravnopravnost Zorana Mihajlovi\u0107 izjavila je danas da je neophodna istraga i kontrola rada institucija u&hellip;<\/p>\n","protected":false},"author":1,"featured_media":7667,"comment_status":"open","ping_status":"open","sticky":false,"template":"","format":"standard","meta":{"footnotes":""},"categories":[1],"tags":[],"class_list":["post-7666","post","type-post","status-publish","format-standard","has-post-thumbnail","hentry","category-oglasi-vrsac"],"_links":{"self":[{"href":"https:\/\/oglasi.infooglasi.rs\/oglasi\/oglasivrsac\/wp-json\/wp\/v2\/posts\/7666","targetHints":{"allow":["GET"]}}],"collection":[{"href":"https:\/\/oglasi.infooglasi.rs\/oglasi\/oglasivrsac\/wp-json\/wp\/v2\/posts"}],"about":[{"href":"https:\/\/oglasi.infooglasi.rs\/oglasi\/oglasivrsac\/wp-json\/wp\/v2\/types\/post"}],"author":[{"embeddable":true,"href":"https:\/\/oglasi.infooglasi.rs\/oglasi\/oglasivrsac\/wp-json\/wp\/v2\/users\/1"}],"replies":[{"embeddable":true,"href":"https:\/\/oglasi.infooglasi.rs\/oglasi\/oglasivrsac\/wp-json\/wp\/v2\/comments?post=7666"}],"version-history":[{"count":0,"href":"https:\/\/oglasi.infooglasi.rs\/oglasi\/oglasivrsac\/wp-json\/wp\/v2\/posts\/7666\/revisions"}],"wp:featuredmedia":[{"embeddable":true,"href":"https:\/\/oglasi.infooglasi.rs\/oglasi\/oglasivrsac\/wp-json\/wp\/v2\/media\/7667"}],"wp:attachment":[{"href":"https:\/\/oglasi.infooglasi.rs\/oglasi\/oglasivrsac\/wp-json\/wp\/v2\/media?parent=7666"}],"wp:term":[{"taxonomy":"category","embeddable":true,"href":"https:\/\/oglasi.infooglasi.rs\/oglasi\/oglasivrsac\/wp-json\/wp\/v2\/categories?post=7666"},{"taxonomy":"post_tag","embeddable":true,"href":"https:\/\/oglasi.infooglasi.rs\/oglasi\/oglasivrsac\/wp-json\/wp\/v2\/tags?post=7666"}],"curies":[{"name":"wp","href":"https:\/\/api.w.org\/{rel}","templated":true}]}}