{"id":7690,"date":"2025-01-06T21:41:04","date_gmt":"2025-01-06T20:41:04","guid":{"rendered":"https:\/\/oglasi.infooglasi.rs\/oglasi\/oglasivrsac\/tradicionalni-novogodisnji-kolegijum-specijalna-bolnica-za-psihijatrijske-bolesti-oglasi-vrsac\/"},"modified":"2025-01-06T21:41:04","modified_gmt":"2025-01-06T20:41:04","slug":"tradicionalni-novogodisnji-kolegijum-specijalna-bolnica-za-psihijatrijske-bolesti-oglasi-vrsac","status":"publish","type":"post","link":"https:\/\/oglasi.infooglasi.rs\/oglasi\/oglasivrsac\/tradicionalni-novogodisnji-kolegijum-specijalna-bolnica-za-psihijatrijske-bolesti-oglasi-vrsac\/","title":{"rendered":"TRADICIONALNI NOVOGODI\u0160NJI KOLEGIJUM &#8211; Specijalna bolnica za psihijatrijske bolesti &#8211; OGLASI VR\u0160AC"},"content":{"rendered":"<p><\/p>\n<div>\n<p>&#13;<br \/>\n\t\t\t\t<span class=\"post-views-icon dashicons dashicons-visibility\"\/> <span class=\"post-views-count\">27<\/span>&#13;\n\t\t\t<\/p>\n<figure class=\"wp-block-image size-large\"><img loading=\"lazy\" decoding=\"async\" width=\"1024\" height=\"769\" src=\"https:\/\/www.spbvrsac.org.rs\/wp-content\/uploads\/2025\/01\/SLIKA-ISPOD-NASLOVA-UNUTAR-VESTI-1024x769.jpg\" alt=\"\" class=\"wp-image-7177\" srcset=\"http:\/\/www.spbvrsac.org.rs\/wp-content\/uploads\/2025\/01\/SLIKA-ISPOD-NASLOVA-UNUTAR-VESTI-1024x769.jpg 1024w, http:\/\/www.spbvrsac.org.rs\/wp-content\/uploads\/2025\/01\/SLIKA-ISPOD-NASLOVA-UNUTAR-VESTI-300x225.jpg 300w, http:\/\/www.spbvrsac.org.rs\/wp-content\/uploads\/2025\/01\/SLIKA-ISPOD-NASLOVA-UNUTAR-VESTI-768x577.jpg 768w, http:\/\/www.spbvrsac.org.rs\/wp-content\/uploads\/2025\/01\/SLIKA-ISPOD-NASLOVA-UNUTAR-VESTI.jpg 1532w\" sizes=\"auto, (max-width: 1024px) 100vw, 1024px\"\/><\/figure>\n<p class=\"has-text-align-left\">U stru\u010dnoj biblioteci Specijalne bolnice za psihijatrijske bolesti \u201dDr Slavoljub Bakalovi\u0107\u201d Vr\u0161ac u prisustvu na\u010delnika odeljenja, glavnih sestara i tehni\u010dara, odr\u017ean je tradicionalni novogodi\u0161nji kolegijum. Kolegijum je vodila direktor dr Jelena Djoki\u0107 sa svojim najbli\u017eim saradnicima.<\/p>\n<figure class=\"wp-block-image size-large\"><img decoding=\"async\" loading=\"lazy\" width=\"1024\" height=\"458\" src=\"https:\/\/www.spbvrsac.org.rs\/wp-content\/uploads\/2025\/01\/1-1024x458.jpg\" alt=\"\" class=\"wp-image-7175\" srcset=\"http:\/\/www.spbvrsac.org.rs\/wp-content\/uploads\/2025\/01\/1-1024x458.jpg 1024w, http:\/\/www.spbvrsac.org.rs\/wp-content\/uploads\/2025\/01\/1-300x134.jpg 300w, http:\/\/www.spbvrsac.org.rs\/wp-content\/uploads\/2025\/01\/1-768x344.jpg 768w, http:\/\/www.spbvrsac.org.rs\/wp-content\/uploads\/2025\/01\/1-1536x688.jpg 1536w, http:\/\/www.spbvrsac.org.rs\/wp-content\/uploads\/2025\/01\/1.jpg 1720w\" sizes=\"auto, (max-width: 1024px) 100vw, 1024px\"\/><\/figure>\n<p class=\"has-text-align-left\">Po\u010detak poslednjeg kolegijuma u odlaze\u0107oj godini obele\u017eio je osvrt na sve va\u017ene projekte i uspehe koji su obele\u017eili 2024. godinu u ovoj ustanovi: \u201d \u017delela bih na po\u010detku da vas sve pozdravim i zahvalim vam se \u0161to ste tokom cele prehodne godine predano i vredno radili, gde smo zajedno kao jedan veliki tim pro\u0161li i uspehe, ali i izazove. U narednu godinu ulazimo sa puno novih ideja i planova koje \u017eelimo da realizujemo. Pokrenuli smo nekoliko veoma va\u017enih projekata koji \u0107e biti zna\u010dajni, ne samo za korisnike usluga unutar bolnice u kojoj smo zaposleni, ve\u0107 i za na\u0161e sugradjane. U tom smislu, \u017eelela bih da istaknem da je na\u0161 najve\u0107i uspeh potpisivanje projekta za nabavku magnetne rezonance. Taj se projekat odvija u pravom smeru i korak po korak idemo ka njegovoj realizaciji. Pre nedelju dana smo potpisali ugovor o izgradnji novog objekta u okviru bolnice, ali ne smemo da zaboravimo da napomenemo da uskoro kre\u0107e izvodjenje radova na rekonstrukciji i dogradnji zgrade na odeljenju bolesti zavisnosti. Preselili smo Savetovali\u0161te za mlade u nov prostor koji je kvalitetno i lepo uredjen. Nabroja\u0107u samo neke od donacija, a bilo ih je mnogo u ovoj godini. Ustanovi su donirani kancelarijski name\u0161taj, kancelarijski stolovi i stolice, fotelje, sofe, trosedi, ormani, no\u0107ni sto\u010di\u0107i i komode, potom posteljina koja je uvek potrebna ustanovi, du\u0161eci, televizori, teretane na otvorenom, sprave za ve\u017ebanje, razna medicinska oprema i tako dalje. Obezbedili smo novo sanitetsko vozilo i jedno vozilo koje \u0107e da se koristi za potrebe pacijenata u okviru bolnice. Ove godine je u ustanovi po prvi put odr\u017ean veliki Stru\u010dni skup pod nazivom \u201dPravo i medicina izmedju teorije i prakse\u201d o kome se i danas govori. Grad Vr\u0161ac i Specijalna bolnica za psihijatrijske bolesti \u201ddr Slavoljub Bakalovi\u0107\u201d Vr\u0161ac potpisali su medjusobni sporazum o partnerstvu na realizaciji projekta pod nazivom \u201dBezbedna \u017eena, jaka zajednica \u2013 projekat osna\u017eivanja podr\u0161ke \u017eenama pogodjenim nasiljem.\u201d Ovo je samo jedan mali deo onoga \u0161to smo uradili, a jo\u0161 nas puno toga \u010deka da uradimo, ali i novo zapo\u010dnemo. Ovu priliku bih iskoristila da vam svima \u010destitam predstoje\u0107e novogodi\u0161nje i bo\u017ei\u0107ne praznike. Po\u017eelela bih svima pre svega dobro zdravlje, sre\u0107u i blagostanje. Neka slede\u0107a godina bude radosna, puna ljubavi i medjusobnog razumevanja. Potrudi\u0107emo se da u slede\u0107oj godini uradimo \u0161to je vi\u0161e mogu\u0107e. \u017delim Vam sve najlep\u0161e u nastupaju\u0107oj godini.\u201d<\/p>\n<figure class=\"wp-block-image size-large\"><img decoding=\"async\" loading=\"lazy\" width=\"755\" height=\"1024\" src=\"https:\/\/www.spbvrsac.org.rs\/wp-content\/uploads\/2025\/01\/2-755x1024.jpg\" alt=\"\" class=\"wp-image-7176\" srcset=\"http:\/\/www.spbvrsac.org.rs\/wp-content\/uploads\/2025\/01\/2-755x1024.jpg 755w, http:\/\/www.spbvrsac.org.rs\/wp-content\/uploads\/2025\/01\/2-221x300.jpg 221w, http:\/\/www.spbvrsac.org.rs\/wp-content\/uploads\/2025\/01\/2-768x1042.jpg 768w, http:\/\/www.spbvrsac.org.rs\/wp-content\/uploads\/2025\/01\/2-1133x1536.jpg 1133w, http:\/\/www.spbvrsac.org.rs\/wp-content\/uploads\/2025\/01\/2-1510x2048.jpg 1510w, http:\/\/www.spbvrsac.org.rs\/wp-content\/uploads\/2025\/01\/2-scaled.jpg 1888w\" sizes=\"auto, (max-width: 755px) 100vw, 755px\"\/><\/figure>\n<p>Dr Jelena Djoki\u0107 je potom pozvala sve prisutne da sa novogodi\u0161nje jelke odaberu pisma koja su \u0161ti\u0107enici Doma za decu i omladinu \u201dVera Radivojevi\u0107\u201d iz Bele Crkve napisali Deda Mrazu.<\/p>\n<p class=\"has-text-align-left\">Humanitarna akcija se ve\u0107 drugu godinu organizuje u okviru Specijalne bolnice za psihijatrijske bolesti \u201dDr Slavoljub Bakalovi\u0107\u201d Vr\u0161ac.<\/p>\n<figure class=\"wp-block-gallery has-nested-images columns-default is-cropped wp-block-gallery-1 is-layout-flex\">\n<figure class=\"wp-block-image size-large\"><img decoding=\"async\" loading=\"lazy\" width=\"1024\" height=\"768\" data-id=\"7178\" src=\"https:\/\/www.spbvrsac.org.rs\/wp-content\/uploads\/2025\/01\/3-1024x768.jpg\" alt=\"\" class=\"wp-image-7178\" srcset=\"http:\/\/www.spbvrsac.org.rs\/wp-content\/uploads\/2025\/01\/3-1024x768.jpg 1024w, http:\/\/www.spbvrsac.org.rs\/wp-content\/uploads\/2025\/01\/3-300x225.jpg 300w, http:\/\/www.spbvrsac.org.rs\/wp-content\/uploads\/2025\/01\/3-768x576.jpg 768w, http:\/\/www.spbvrsac.org.rs\/wp-content\/uploads\/2025\/01\/3-1536x1152.jpg 1536w, http:\/\/www.spbvrsac.org.rs\/wp-content\/uploads\/2025\/01\/3-2048x1536.jpg 2048w\" sizes=\"auto, (max-width: 1024px) 100vw, 1024px\"\/><\/figure>\n<figure class=\"wp-block-image size-large\"><img decoding=\"async\" loading=\"lazy\" width=\"1024\" height=\"768\" data-id=\"7179\" src=\"https:\/\/www.spbvrsac.org.rs\/wp-content\/uploads\/2025\/01\/4-1024x768.jpg\" alt=\"\" class=\"wp-image-7179\" srcset=\"http:\/\/www.spbvrsac.org.rs\/wp-content\/uploads\/2025\/01\/4-1024x768.jpg 1024w, http:\/\/www.spbvrsac.org.rs\/wp-content\/uploads\/2025\/01\/4-300x225.jpg 300w, http:\/\/www.spbvrsac.org.rs\/wp-content\/uploads\/2025\/01\/4-768x576.jpg 768w, http:\/\/www.spbvrsac.org.rs\/wp-content\/uploads\/2025\/01\/4-1536x1152.jpg 1536w, http:\/\/www.spbvrsac.org.rs\/wp-content\/uploads\/2025\/01\/4-2048x1536.jpg 2048w\" sizes=\"auto, (max-width: 1024px) 100vw, 1024px\"\/><\/figure>\n<\/figure>\n<figure class=\"wp-block-image size-large\"><img decoding=\"async\" loading=\"lazy\" width=\"1024\" height=\"555\" src=\"https:\/\/www.spbvrsac.org.rs\/wp-content\/uploads\/2025\/01\/5-1024x555.jpg\" alt=\"\" class=\"wp-image-7180\" srcset=\"http:\/\/www.spbvrsac.org.rs\/wp-content\/uploads\/2025\/01\/5-1024x555.jpg 1024w, http:\/\/www.spbvrsac.org.rs\/wp-content\/uploads\/2025\/01\/5-300x163.jpg 300w, http:\/\/www.spbvrsac.org.rs\/wp-content\/uploads\/2025\/01\/5-768x416.jpg 768w, http:\/\/www.spbvrsac.org.rs\/wp-content\/uploads\/2025\/01\/5-1536x832.jpg 1536w, http:\/\/www.spbvrsac.org.rs\/wp-content\/uploads\/2025\/01\/5-2048x1110.jpg 2048w\" sizes=\"auto, (max-width: 1024px) 100vw, 1024px\"\/><\/figure>\n<\/p><\/div>\n<p><a href=\"http:\/\/www.spbvrsac.org.rs\/2025\/01\/03\/tradicionalni-novogodisnji-kolegijum-2\/\" target=\"_blank\" rel=\"noopener\">Source link <\/a><br \/>\n\nTRADICIONALNI NOVOGODI\u0160NJI KOLEGIJUM &#8211; Specijalna bolnica za psihijatrijske bolesti<\/p>\n","protected":false},"excerpt":{"rendered":"<p>&#13; 27&#13; U stru\u010dnoj biblioteci Specijalne bolnice za psihijatrijske bolesti \u201dDr Slavoljub Bakalovi\u0107\u201d Vr\u0161ac u prisustvu na\u010delnika odeljenja, glavnih sestara&hellip;<\/p>\n","protected":false},"author":1,"featured_media":7691,"comment_status":"open","ping_status":"open","sticky":false,"template":"","format":"standard","meta":{"footnotes":""},"categories":[1],"tags":[],"class_list":["post-7690","post","type-post","status-publish","format-standard","has-post-thumbnail","hentry","category-oglasi-vrsac"],"_links":{"self":[{"href":"https:\/\/oglasi.infooglasi.rs\/oglasi\/oglasivrsac\/wp-json\/wp\/v2\/posts\/7690","targetHints":{"allow":["GET"]}}],"collection":[{"href":"https:\/\/oglasi.infooglasi.rs\/oglasi\/oglasivrsac\/wp-json\/wp\/v2\/posts"}],"about":[{"href":"https:\/\/oglasi.infooglasi.rs\/oglasi\/oglasivrsac\/wp-json\/wp\/v2\/types\/post"}],"author":[{"embeddable":true,"href":"https:\/\/oglasi.infooglasi.rs\/oglasi\/oglasivrsac\/wp-json\/wp\/v2\/users\/1"}],"replies":[{"embeddable":true,"href":"https:\/\/oglasi.infooglasi.rs\/oglasi\/oglasivrsac\/wp-json\/wp\/v2\/comments?post=7690"}],"version-history":[{"count":0,"href":"https:\/\/oglasi.infooglasi.rs\/oglasi\/oglasivrsac\/wp-json\/wp\/v2\/posts\/7690\/revisions"}],"wp:featuredmedia":[{"embeddable":true,"href":"https:\/\/oglasi.infooglasi.rs\/oglasi\/oglasivrsac\/wp-json\/wp\/v2\/media\/7691"}],"wp:attachment":[{"href":"https:\/\/oglasi.infooglasi.rs\/oglasi\/oglasivrsac\/wp-json\/wp\/v2\/media?parent=7690"}],"wp:term":[{"taxonomy":"category","embeddable":true,"href":"https:\/\/oglasi.infooglasi.rs\/oglasi\/oglasivrsac\/wp-json\/wp\/v2\/categories?post=7690"},{"taxonomy":"post_tag","embeddable":true,"href":"https:\/\/oglasi.infooglasi.rs\/oglasi\/oglasivrsac\/wp-json\/wp\/v2\/tags?post=7690"}],"curies":[{"name":"wp","href":"https:\/\/api.w.org\/{rel}","templated":true}]}}