{"id":7720,"date":"2025-02-15T14:30:11","date_gmt":"2025-02-15T13:30:11","guid":{"rendered":"https:\/\/oglasi.infooglasi.rs\/oglasi\/oglasivrsac\/americki-potpredsednik-sokirao-evropske-saveznike-zelenski-napravimo-vojsku-evrope-oglasi-vrsac\/"},"modified":"2025-02-15T14:30:11","modified_gmt":"2025-02-15T13:30:11","slug":"americki-potpredsednik-sokirao-evropske-saveznike-zelenski-napravimo-vojsku-evrope-oglasi-vrsac","status":"publish","type":"post","link":"https:\/\/oglasi.infooglasi.rs\/oglasi\/oglasivrsac\/americki-potpredsednik-sokirao-evropske-saveznike-zelenski-napravimo-vojsku-evrope-oglasi-vrsac\/","title":{"rendered":"Ameri\u010dki potpredsednik \u0161okirao evropske saveznike, Zelenski: &#8216;Napravimo vojsku Evrope&#8217; &#8211; OGLASI VR\u0160AC"},"content":{"rendered":"<p><\/p>\n<p>\n                Ameri\u010dki potpredsednik D\u017eej Di Vens o\u0161tro je na Minhenskoj bezbednosnoj konferenciji kritikovao tradicionalne saveznike SAD-a i evropsku migracionu politiku. Zelenski poziva na stvaranje evropske vojske.\n            <\/p>\n<div>\n<figure>         <img loading=\"lazy\" decoding=\"async\" alt=\"d\u017eej di vens\" src=\"https:\/\/boom93.rs\/image\/cache\/extra-large\/files\/images\/1739624768.5057\" width=\"1000\" height=\"667\"\/>         <\/p>\n<footer>RONALD WITTEK\/EPA-EFE\/REX\/Shutterstock<\/footer><figcaption>Ameri\u010dki potpredsednik D\u017eej Di Vens o\u0161tro je kritikovao Evropsku uniju<\/figcaption><\/figure>\n<p>Okon\u010danje rata u Ukrajini i finansiranje odbrane Evropske unije najavljene su kao glavne teme ovogodi\u0161nje Minhenske bezbednosne konferencije <bdi lang=\"en-gb\"><em>(Munich Security Conference).  <\/em><\/bdi><\/p>\n<p>Me\u0111utim, ameri\u010dki potpredsednik D\u017eej Di Vens u izlaganju nije spomenuo ni jedno, ni drugo. <\/p>\n<p>Vens je \u0161okirao prisutne napadaju\u0107i tradicionalne saveznike Va\u0161ingtona, me\u0111u kojima je i Velika Britanija. <\/p>\n<p>Kritikovao je i Evropsku uniju (EU), rekav\u0161i da najve\u0107a pretnja po evropsku bezbednost nisu Rusija i Kina, ve\u0107 da dolazi \u201eiznutra&#8221;.<\/p>\n<p>\u0160ok i ti\u0161inu nije uspela da popravi ni poku\u0161aj \u0161ale da \u201eako ameri\u010dka demokratija mo\u017ee da podnese 10 godina Grete Turnberg, mo\u017ee i Evropa nekoliko meseci s Ilonom Maskom&#8221;. <\/p>\n<p>Dvadeset minuta za govornicom iskoristio je da optu\u017ei evropske zvani\u010dnike za gu\u0161enje slobode govora i masovnu migraciju, optu\u017eiv\u0161i ih da kr\u0161e \u201enajosnovnije vrednosti&#8221;. <\/p>\n<p>Mnogi evropski lideri zabrinuti su da je Donald Tramp po\u017eurio da postigne mirovni sporazum u Ukrajini, i da \u0107e put iza\u0107i kao pobednik, s namerom da osvoji jo\u0161 neke delove Evrope. <\/p>\n<p>Uo\u010di Minhenske konferencije, evropski zvani\u010dnici bili su iznena\u0111eni vestima da je Tramp obavio 90-minutni telefonski razgovor sa Putinom, \u010dime je naglo prekinuto trogodi\u0161nje zamrzavanje pregovora Rusije i Zapada, koje je na snazi od po\u010detka invazije 2022. godine. <\/p>\n<p>Me\u0111utim, D\u017eej Di Vens se nije ni dotakao ove teme. <\/p>\n<h2>Zelenski: &#8216;Vreme je za vojsku Evrope&#8217;<\/h2>\n<figure>         <img loading=\"lazy\" decoding=\"async\" alt=\"zelenski\" src=\"https:\/\/boom93.rs\/image\/cache\/extra-large\/files\/images\/1739624768.667\" width=\"1000\" height=\"667\"\/>         <\/p>\n<footer>REUTERS\/Leah Millis<\/footer><figcaption>Zelenski na sastanku sa D\u017eej Di Vensom u Minhenu<\/figcaption><\/figure>\n<p>Dan kasnije, predsednik Ukrajine Vladimir Zelenski pozvao je na stvaranje \u201eevropske vojske&#8221; koja bi se \u201eza\u0161titila od Rusije&#8221;, sugeri\u0161u\u0107i da SAD mo\u017eda vi\u0161e nec\u0301e priticati u pomoc\u0301 Evropi.<\/p>\n<p>\u201eZaista verujem da je do\u0161lo vreme &#8211; oru\u017eane snage Evrope moraju biti stvorene&#8221;, rekao je on.<\/p>\n<p>Ameri\u010dki potpredsednik je jasno stavio do znanja da se zavr\u0161avaju decenije starih odnosa Evrope i Amerike.<\/p>\n<p>\u201eOd sada c\u0301e stvari biti druga\u010dije i Evropa treba da se prilagodi tome&#8221;, ka\u017ee Zelenski.<\/p>\n<p>Ranije ove nedelje, ameri\u010dki sekretar za odbranu Pit Hegset rekao je da ruska invazija na Ukrajinu ozna\u010dava \u201efabri\u010dko resetovanje&#8221; za NATO.<\/p>\n<p>\u201eBudimo iskreni. Sada ne mo\u017eemo isklju\u010diti moguc\u0301nost da Amerika mo\u017ee rec\u0301i ne Evropi po pitanju koje joj preti.<\/p>\n<p>\u201eMnogi, mnogi lideri su govorili o Evropi kojoj je potrebna sopstvena vojska&#8221;, rekao je Zelenski 15. februara.<\/p>\n<p>Jedan od evropskih lidera koji se zala\u017ee za <a href=\"https:\/\/www.bbc.com\/serbian\/lat\/svet-69155155?xtor=AL-73-%5Bpartner%5D-%5Bboom93.com%5D-%5Blink%5D-%5Bserbian%5D-%5Bbizdev%5D-%5Bisapi%5D\" target=\"_blank\" rel=\"noopener\">stvaranje evropske vojske<\/a> je predsednik Francuske Emanuel Makron, o \u010demu je vi\u0161e puta govorio. <\/p>\n<p>Predsednica Evropske komisije Ursula fon der Lajen je u Minhenu rekla da \u0107e Evropa od sada vi\u0161e novca izdvajati za odbranu.<\/p>\n<p>Od po\u010detka rata 24. februara 2022. godine, Amerika je, pod administracijom bive\u0161g predsednika D\u017eozefa Bajdena, bila ubedljivo najve\u0107i finansijer Ukrajine, dav\u0161i joj desetine milijardi dolara, uz naoru\u017eanje i drugu vojnu opremu.<\/p>\n<p>Pred istek mandata, Bajden je <a href=\"https:\/\/www.bbc.com\/serbian\/articles\/cq529yw84wqo\/lat?xtor=AL-73-%5Bpartner%5D-%5Bboom93.com%5D-%5Blink%5D-%5Bserbian%5D-%5Bbizdev%5D-%5Bisapi%5D\" target=\"_blank\" rel=\"noopener\">dozvolio Ukrajini i da koristi rakete dugog dometa<\/a> za ga\u0111anje ciljeva na ruskoj teritoriji, \u0161to je <a href=\"https:\/\/www.bbc.com\/serbian\/articles\/cvgk0v1nek3o\/lat?xtor=AL-73-%5Bpartner%5D-%5Bboom93.com%5D-%5Blink%5D-%5Bserbian%5D-%5Bbizdev%5D-%5Bisapi%5D\" target=\"_blank\" rel=\"noopener\">razbesnelo Moskvu<\/a>.<\/p>\n<h2>Kakva su reagovanja na govor D\u017eej Di Vensa?<\/h2>\n<p>Posle muka u sali, usledile su reakcije u medijima i na dru\u0161tvenim mre\u017eama. <\/p>\n<p>Ukrajinski predsednik Vladimir Zelenski naglasio je da Va\u0161ington i Kijev moraju dodatno da razgovaraju o kraju rata. <\/p>\n<p>\u201eZaista, zaista \u017eelimo mir, ali potrebne su nam bezbednosne garancije&#8221;, rekao je. <\/p>\n<p>Ameri\u010dki predsednik Donald Tramp prethodno je istakao da Putin \u017eeli mir, ali pod sopstvenim uslovima. <\/p>\n<p>Prethodno, Putin je kao uslove postavio kapitulaciju Ukrajine, kao i da osvojene teritorije ostanu pod ruskom kontrolom. <\/p>\n<p>Kaja Kalas, visoka predstavnica EU za spoljnu politiku i bezbednost, rekla je da Vens \u201epoku\u0161ava da se posva\u0111a sa Evropom, gde su neki od najbli\u017eih saveznika SAD&#8221;. <\/p>\n<p>Vensove izjave su \u201euvredljive&#8221; i \u201eempirijski neta\u010dne&#8221;, ocenio je Majkl Mekfol, biv\u0161i ameri\u010dki ambasador u Rusiji. <\/p>\n<p>Devet dana posle izbora u Nema\u010dkoj, dotakao se i burne debate oko mejnstrim politi\u010dkih partija, koje odbijaju da sara\u0111uju sa ekstremnom desni\u010darkom strankom Alternativa za Nema\u010dku (AfD).<\/p>\n<p>Kada je pao Hitler, me\u0111u glavnim politi\u010dkim partijama u ovoj zemlji postojao je konsenzus da ne\u0107e sara\u0111ivati sa ekstremnim desni\u010darima. <\/p>\n<p>\u201eDemokratija po\u010diva na svetom principu da je glas naroda bitan &#8211; nema ignorisanja, ili se dr\u017eite principa ili ne&#8221;, rekao je Vens. <\/p>\n<p>Alis Vajdel, kandidatkinja AfD za mesto kancelara, pohvalila je govor i podelila je delove na Iksu. <\/p>\n<p>Nema\u010dki ministar odbrane Boris Pistorijus ocenio je da je Vens doveo u pitanje \u201edemokratiju u \u010ditavoj Evropi&#8221;. <\/p>\n<p>\u201eOn govori o uni\u0161tenju demokratije&#8221;, kazao je Pistorijus. <\/p>\n<p>\u201eAko sam ga dobro razumeo, on poredi situaiciju u delovima Evrope sa onima u autoritarnim re\u017eimima&#8230; To je neprihvatljivo&#8221;, ocenio je. <\/p>\n<p>Vens je tako\u0111e pomenuo <a href=\"https:\/\/www.bbc.com\/serbian\/articles\/cpw2rdd0rj2o\/lat?xtor=AL-73-%5Bpartner%5D-%5Bboom93.com%5D-%5Blink%5D-%5Bserbian%5D-%5Bbizdev%5D-%5Bisapi%5D\" target=\"_blank\" rel=\"noopener\">predsedni\u010dke izbore u Rumuniji<\/a>, koji su poni\u0161teni u decembru nakon \u0161to su dokumenti sa kojih je skinuta tajnosti pokazali da je rusko me\u0161anje moglo da uti\u010de na rezultate. <\/p>\n<p>\u201eAko je va\u0161u demokratiju mogu\u0107e podriti sa nekoliko stotina hiljada dolara kroz digitalno ogla\u0161avanje, onda to mo\u017eda i nije neka demokratija&#8221;, rekao je Vens. <\/p>\n<p>Rumunski premijer Marsel \u010colaku podsetio je da njegova zemlja stoji \u201ena braniku zajedni\u010dkih vrednosti Evrope i Amerike&#8221;. <\/p>\n<p>\u201eVlasti [Rumunije] su posve\u0107ene organizovanju slobodnih i fer izbora, i nastoje da garantuju slobodu glasanja&#8221;, napisao je na platformi Iks. <\/p>\n<h2>Kritike Velikoj Britaniji<\/h2>\n<p>Vens je u dvadeset minuta govora pri\u010dao i o Velikoj Britaniji. <\/p>\n<p>Podsetio je na sudski slu\u010daj, u kojem je vojni veteran osu\u0111en za kr\u0161enje zone od 150 metara oko klinike gde se obavljaju abortusi, jer se u ti\u0161ini molio.  <\/p>\n<p>Od oktobra 2022, u Velikoj Britaniji je zakonom zabranjeno sprovoditi aktivnosti koje se ti\u010du zabrane abortusa oko 150 metara oko klinika, a me\u0111u njima su protesti, molitve, i sli\u010dno. <\/p>\n<p>Me\u0111utim, Vens je kritikovao ovaj zakon, oceniv\u0161i da su \u201eosnovne slobode religioznih Britanaca, posebno ugro\u017eene&#8221;. <\/p>\n<p>Vlasti u \u0160kotskoj ocenile su da Vensova tvrdnja \u201enije ta\u010dna&#8221;. <\/p>\n<p>Kako su podsetili, zakon je usvojen kako bi se spre\u010dilo neadekavatno pona\u0161anje u blizini malog broja klinika koje pru\u017eaju usluge abortusa. <\/p>\n<p><em>BBC na srpskom je od sada i na Jutjubu, pratite nas <\/em><a href=\"https:\/\/www.youtube.com\/@bbcnewsnasrpskom\/videos\" target=\"_blank\" rel=\"noopener\"><em>OVDE.<\/em><\/a><\/p>\n<p><em>Pratite nas na <\/em><a href=\"https:\/\/www.facebook.com\/BBCNewsnasrpskom\" target=\"_blank\" rel=\"noopener\"><em>Fejsbuku<\/em><\/a><em>, <\/em><a href=\"https:\/\/x.com\/bbcnasrpskom\" target=\"_blank\"><em>Tviteru<\/em><\/a><em>, <\/em><a href=\"https:\/\/www.instagram.com\/bbcnewsnasrpskom\/\" target=\"_blank\" rel=\"noopener\"><em>Instagramu<\/em><\/a><em> i <\/em><a href=\"https:\/\/invite.viber.com\/?g2=AQBkI0TIwObQ%2F05%2FHQsq%2FNA%2BAuEYxNlidvvazJnHYqbAGJhHDn0L%2BccoktcFf57s\" target=\"_blank\" rel=\"noopener\"><em>Vajberu<\/em><\/a><em>. Ako imate predlog teme za nas, javite se na <a href=\"https:\/\/boom93.rs\/cdn-cgi\/l\/email-protection\" class=\"__cf_email__\" data-cfemail=\"e58787868b84969795968e8a88a5878786cb868acb908e\" target=\"_blank\" rel=\"noopener\">[email\u00a0protected]<\/a><\/em><\/p>\n<p><noscript><img decoding=\"async\" src=\"https:\/\/a1.api.bbc.co.uk\/hit.xiti\/?s=598346&amp;p=serbian.articles.c626p91pvkpo.lat.page&amp;x1=%5Burn%3Abbc%3Aoptimo%3Aasset%3Ac626p91pvkpo%5D&amp;x4=%5Bsr-latn%5D&amp;x5=%5Bhttps%3A%2F%2Fwww.bbc.com%2Fserbian%2Farticles%2Fc626p91pvkpo%2Flat%5D&amp;x7=%5Barticle%5D&amp;x8=%5Bsynd_nojs_ISAPI%5D&amp;x9=%5BAmeri%C4%8Dki+potpredsednik+%C5%A1okirao+evropske+saveznike%2C+Zelenski%3A+%27Napravimo+vojsku+Evrope%27%5D&amp;x11=%5B2025-02-15T13%3A05%3A32.594Z%5D&amp;x12=%5B2025-02-15T13%3A05%3A32.594Z%5D&amp;x19=%5Bboom93.com%5D\"\/><\/noscript>\n                        <\/div>\n<p><script async defer src=\"https:\/\/platform.instagram.com\/en_US\/embeds.js\"><\/script><br \/>\n<br \/><a href=\"https:\/\/boom93.rs\/article\/28542\/americki-potpredsednik-sokirao-evropske-saveznike-zelenski-napravimo-vojsku-evrope\" target=\"_blank\" rel=\"noopener\">Source link <\/a><br \/>\n\nAmeri\u010dki potpredsednik \u0161okirao evropske saveznike, Zelenski: &#8216;Napravimo vojsku Evrope&#8217;<\/p>\n","protected":false},"excerpt":{"rendered":"<p>Ameri\u010dki potpredsednik D\u017eej Di Vens o\u0161tro je na Minhenskoj bezbednosnoj konferenciji kritikovao tradicionalne saveznike SAD-a i evropsku migracionu politiku. Zelenski&hellip;<\/p>\n","protected":false},"author":1,"featured_media":7721,"comment_status":"open","ping_status":"open","sticky":false,"template":"","format":"standard","meta":{"footnotes":""},"categories":[1],"tags":[],"class_list":["post-7720","post","type-post","status-publish","format-standard","has-post-thumbnail","hentry","category-oglasi-vrsac"],"_links":{"self":[{"href":"https:\/\/oglasi.infooglasi.rs\/oglasi\/oglasivrsac\/wp-json\/wp\/v2\/posts\/7720","targetHints":{"allow":["GET"]}}],"collection":[{"href":"https:\/\/oglasi.infooglasi.rs\/oglasi\/oglasivrsac\/wp-json\/wp\/v2\/posts"}],"about":[{"href":"https:\/\/oglasi.infooglasi.rs\/oglasi\/oglasivrsac\/wp-json\/wp\/v2\/types\/post"}],"author":[{"embeddable":true,"href":"https:\/\/oglasi.infooglasi.rs\/oglasi\/oglasivrsac\/wp-json\/wp\/v2\/users\/1"}],"replies":[{"embeddable":true,"href":"https:\/\/oglasi.infooglasi.rs\/oglasi\/oglasivrsac\/wp-json\/wp\/v2\/comments?post=7720"}],"version-history":[{"count":0,"href":"https:\/\/oglasi.infooglasi.rs\/oglasi\/oglasivrsac\/wp-json\/wp\/v2\/posts\/7720\/revisions"}],"wp:featuredmedia":[{"embeddable":true,"href":"https:\/\/oglasi.infooglasi.rs\/oglasi\/oglasivrsac\/wp-json\/wp\/v2\/media\/7721"}],"wp:attachment":[{"href":"https:\/\/oglasi.infooglasi.rs\/oglasi\/oglasivrsac\/wp-json\/wp\/v2\/media?parent=7720"}],"wp:term":[{"taxonomy":"category","embeddable":true,"href":"https:\/\/oglasi.infooglasi.rs\/oglasi\/oglasivrsac\/wp-json\/wp\/v2\/categories?post=7720"},{"taxonomy":"post_tag","embeddable":true,"href":"https:\/\/oglasi.infooglasi.rs\/oglasi\/oglasivrsac\/wp-json\/wp\/v2\/tags?post=7720"}],"curies":[{"name":"wp","href":"https:\/\/api.w.org\/{rel}","templated":true}]}}