{"id":7748,"date":"2025-03-21T03:35:36","date_gmt":"2025-03-21T02:35:36","guid":{"rendered":"https:\/\/oglasi.infooglasi.rs\/oglasi\/oglasivrsac\/izraelska-vojska-ponovo-u-pojasu-gaze-oglasi-vrsac\/"},"modified":"2025-03-21T03:35:36","modified_gmt":"2025-03-21T02:35:36","slug":"izraelska-vojska-ponovo-u-pojasu-gaze-oglasi-vrsac","status":"publish","type":"post","link":"https:\/\/oglasi.infooglasi.rs\/oglasi\/oglasivrsac\/izraelska-vojska-ponovo-u-pojasu-gaze-oglasi-vrsac\/","title":{"rendered":"Izraelska vojska ponovo u Pojasu Gaze &#8211; OGLASI VR\u0160AC"},"content":{"rendered":"<p><\/p>\n<p>Primirje u Gazi vi\u0161e ne postoji. Posle vazdu\u0161nih udara u kojima je poginulo stotine Palestinaca, Izrael sprovodi novu kopnenu operaciju.<\/p>\n<div>\n<figure>         <img loading=\"lazy\" decoding=\"async\" alt=\"Gaza\" src=\"https:\/\/boom93.rs\/image\/cache\/extra-large\/files\/images\/1742499199.9237\" width=\"2000\" height=\"1293\"\/>         <\/p>\n<footer>Reuters<\/footer>\n<\/figure>\n<p>Posle talasa vazdu\u0161nih udara, u kojima je za dva dana ubijeno vi\u0161e od 430 ljudi, prema podacima Ministarstva zdravlja pod kontrolom Hamasa, Izrael je nastavio i kopnene operacije u Gazi.<\/p>\n<p>Izraelski vojnici stigli su do koridora Necarim, koji deli severni i ju\u017eni deo Gaze, saop\u0161tila je izraelska vojska.<\/p>\n<p>Cilj operacije je stvaranje \u201edelimi\u010dne tampon zone izme\u0111u severa i juga Gaze&#8221;, ka\u017eu iz izraelske vojske.<\/p>\n<p>Novi napad na Gazu ozna\u010dava kraj krhkog sporazuma o prekidu vatre koji je bio na snazi od januara.<\/p>\n<p>Izdate su i brojne naredbe za evakuaciju u oblastima u koje se vojska kre\u0107e, \u0161to ukazuje da bi uskoro mogla da po\u010dne ve\u0107a kopnena operacija.<\/p>\n<p>Nare\u0111enja su izazvala paniku me\u0111u palestinskim porodicama, od kojih su mnoge bile vi\u0161e puta raseljene tokom rata, ali su se vratile ku\u0107ama tokom primirja.<\/p>\n<p>Mnoge porodice nose sve \u0161to su mogu i odlaze pe\u0161ke ili automobilima da potra\u017ee sigurnost daleko od oblasti u koju je stigla izraelska vojska.<\/p>\n<p>U video poruci 19. marta, izraelski ministar odbrane Izrael Kac je izdao \u201eposlednje upozorenje&#8221; ekstremisti\u010dkoj grupi Hamas, tra\u017ee\u0107i povratak preostalih talaca.<\/p>\n<p>Izrael ka\u017ee da Hamas i dalje dr\u017ei 59 talaca, od kojih se veruje da su 24 \u017eiva.<\/p>\n<p>Kac je ponovio i zahtev za rasformiranjem Hamasa, rekav\u0161i da ako nijedan zahtev ne bude ispunjen alternativa \u0107e biti \u201epotpuno uni\u0161tenje i devastacija&#8221;.<\/p>\n<p>Dan ranije, izraelski premijer Benjamin Netanjahu rekao je \u0107e se svi pregovori o prekidu vatre od sada sada odvijati \u201epod poja\u010danom vatrom&#8221;.<\/p>\n<h2>Vazdu\u0161ni napadi<\/h2>\n<p>Najmanje 400 ljudi je poginulo, a vi\u0161e od 600 ranjeno u prethodnim vazdu\u0161nim napadima Izraela na Pojas Gaze, saop\u0161tilo je Ministarstvo zdravlja pod upravom Hamasa.<\/p>\n<p>Re\u010d je o najve\u0107em talasu vazdu\u0161nih udara od 19. januara, kada je primirje stupilo na snagu.<\/p>\n<p>\u201eU skladu sa odlukom politi\u010dkog vrha, izraelske snage trenutno izvode masovne udare na teroristi\u010dke mete koje pripadaju teroristi\u010dkoj organizaciji Hamas u Pojasu Gaze&#8221;, saop\u0161tile su izraelska vojska i bezbednosna slu\u017eba \u0160in Bet.<\/p>\n<p>\u201ePonovo su otvorili vatru pakla na Gazu&#8221;, ka\u017ee o\u010devidac iz grada Gaze, opisujuc\u0301i \u201estrah i teror&#8221; posle udara.<\/p>\n<p>Kancelarija premijera Netanjahua saop\u0161tila je da c\u0301e Izrael \u201eod sada delovati protiv Hamasa poja\u010danom vojnom silom&#8221;.<\/p>\n<p>Hamas je optu\u017eio Izrael da je poni\u0161tio sporazum o prekidu vatre&#8221;, rekav\u0161i da su preostali taoci u Gazi izlo\u017eeni \u201enepoznatoj sudbini&#8221;.<\/p>\n<figure>         <img loading=\"lazy\" decoding=\"async\" alt=\"izraelska vojska, izraelski vojnici, pojas gaze\" src=\"https:\/\/boom93.rs\/image\/cache\/extra-large\/files\/images\/1742499200.1845\" width=\"1000\" height=\"667\"\/>         <\/p>\n<footer>REUTERS\/Amir Cohen<\/footer><figcaption>Grupa izraelskih vojnika kod ograde koja razdvaja palestinsku enklavu Pojas Gaze i Izrael<\/figcaption><\/figure>\n<p>Rozalija Bolen, portparolka UNICEF-a, javila se BBC-ju iz Al-Mavasija, u ju\u017enoj Gazi, na dan velikih izraelskih vazdu\u0161nih napada .<\/p>\n<p>\u201eBila je te\u0161ka noc\u0301 za sve&#8221;, ka\u017ee ona za BBC.<\/p>\n<p>Probudili su je zvuci \u201eveoma jakih eksplozija, kuc\u0301a se tresla&#8221;.<\/p>\n<p>\u201eU narednih 15 minuta&#8230; \u010duli smo eksplozije skoro svakih pet, \u0161est sekundi.&#8221;<\/p>\n<p>Rekla je da je dok su im iznad glava tutnjali avioni, \u010dula viku i sirene sa ulica.<\/p>\n<p>\u201eOvim bomba\u0161kim napadima prethodila je potpuna blokada snabdevanja, humanitarne robe, goriva, gasa za kuvanje i isklju\u010denje struje postrojenju za desalinizaciju vode koje podr\u017eava Unicef&#8221;, ka\u017ee ona.<\/p>\n<p>Deca sa kojima je razgovarala su \u201eduboko pogo\u0111ena i traumatizovana&#8221; ratom.<\/p>\n<h2>Napad na UN<\/h2>\n<figure>         <img loading=\"lazy\" decoding=\"async\" alt=\"gaza, pojas gaze, izraelski napad na gazu\" src=\"https:\/\/boom93.rs\/image\/cache\/extra-large\/files\/images\/1742499200.353\" width=\"1000\" height=\"667\"\/>         <\/p>\n<footer>REUTERS\/Hatem Khaled<\/footer><figcaption>Prizor iz Kan Junisa, grada u ju\u017enom delu Pojasa Gaze, posle izraelskog udara<\/figcaption><\/figure>\n<p>Ujedinjene nacije su saop\u0161tile da su dvoje ljudi, me\u0111u kojima je i jedan \u010dlan osoblja UN-a, ubijeni u eksploziji u njihovom kompleksu u Deir al-Balahu.<\/p>\n<p>Iz Ministarstva spoljnih poslova Izraela je re\u010deno da \u0107e pokrenuti istragu, ali su i negirali krivicu.<\/p>\n<p>Kancelarija UN za projektne usluge (UNOPS) saop\u0161tila je da je na zgradu koja se nalazila na izolovanoj lokaciji \u201eba\u010dena ili ispaljena eksplozivna naprava&#8221;.<\/p>\n<p>Dodaje se da nema potvrde o prirodi incidenta ili vrsti kori\u0161\u0107ene artiljerije.<\/p>\n<p>\u0160ef UNOPS-a Horhe Moreira da Silva veruje da \u201eovo nije slu\u010dajno&#8221;.<\/p>\n<p>Generalni sekretar UN Antonio Gutere\u0161 pozvao je na punu istragu.<\/p>\n<h2>Pregovori zapeli, Izrael odlu\u010dan da zatre Hamas<\/h2>\n<p>Izrael i Hamas nisu uspeli da se dogovore kako da primirje odvedu dalje od prve faze.<\/p>\n<p>Hamas nije pristao na ponovne pregovore o prekidu vatre pod izraelskim uslovima, iako je ponudio osloba\u0111anje \u017eivog ameri\u010dkog taoca (i \u010detiri tela), kako bi se primirje produ\u017eilo.<\/p>\n<p>Izrael je po\u010detkom marta, kako bi pritisnuo Hamas, blokirao svu hranu, gorivo i medicinske zalihe koje ulaze u Gazu.<\/p>\n<p>Visoki zvani\u010dnik Hamasa rekao je Rojtersu da je Izrael jednostrano prekinuo sporazum o prekidu vatre koji je stupio na snagu 19. januara.<\/p>\n<p>Portparol grupe je kasnije rekao da je Izrael odlu\u010dio da nastavkom borbi i prekidom perioda relativnog mira \u017ertvuje sopstvene taoce.<\/p>\n<p>Sada, Izrael pokazuje spremnost da upotrebi vojsku i slom natera Hamas da potpi\u0161e sporazum o prekidu vatre koji predla\u017ee sa Sjedinjenim Ameri\u010dkim Dr\u017eavama.<\/p>\n<p>Izraelski premijer Netanjahu i ministar odbrane Izrael Kac naredili su vojsci da \u201epreduzme odlu\u010dnu akciju&#8221; protiv Hamasa, navodi se u saop\u0161tenju.<\/p>\n<p>\u201eNare\u0111enje je usledilo posle vi\u0161ekratnog odbijanja Hamasa da oslobodi na\u0161e taoce, kao i posle odbijanja svih ponuda specijalnog izaslanika SAD Stiva Vitkofa i posrednika&#8221;, saop\u0161tila je Netanijahuova kancelarija.<\/p>\n<p>\u201eIzraelska vojska trenutno napada teroristi\u010dke mete Hamasa \u0161irom Pojasa Gaze kako bi postigla ratne ciljeve koje je postavilo politi\u010dko rukovodstvo, izme\u0111u ostalog osloba\u0111anje svih na\u0161ih talaca, \u017eivih i mrtvih&#8221;, dodaje se.<\/p>\n<h2>Pozadina sukoba<\/h2>\n<p><a href=\"https:\/\/www.bbc.com\/serbian\/lat\/svet-67056679?xtor=AL-73-%5Bpartner%5D-%5Bboom93.com%5D-%5Blink%5D-%5Bserbian%5D-%5Bbizdev%5D-%5Bisapi%5D\" target=\"_blank\" rel=\"noopener\">Palestinske ekstremisti\u010dke grupe predvo\u0111ene Hamasom<\/a> iznenada su 7. okobra 2023. upale na jug Izraela, ubiv\u0161i  oko 1.200 ljudi, uglavnom civila, a 251 osoba je oteta i odvedena u Gazu.<\/p>\n<p>Palestinski ekstremisti napali su najpre poljanju tik uz Pojas Gaze gde se odr\u017eavao muzi\u010dki festival Nova, <a href=\"https:\/\/www.bbc.com\/serbian\/lat\/svet-67062999?xtor=AL-73-%5Bpartner%5D-%5Bboom93.com%5D-%5Blink%5D-%5Bserbian%5D-%5Bbizdev%5D-%5Bisapi%5D\" target=\"_blank\" rel=\"noopener\">ubiv\u0161i i raniv\u0161i mnoge posetioce<\/a>, a potom su <a href=\"https:\/\/www.bbc.com\/serbian\/lat\/svet-67080135?xtor=AL-73-%5Bpartner%5D-%5Bboom93.com%5D-%5Blink%5D-%5Bserbian%5D-%5Bbizdev%5D-%5Bisapi%5D\" target=\"_blank\" rel=\"noopener\">krenuli na obli\u017enje kibuce<\/a>.<\/p>\n<p>Izrael je kao odgovor pokrenuo veliku najpre vazdu\u0161nu, a potom i kopnenu ofanzivu, ubiv\u0161i blizu 50.000 Palestinaca, uglavnom civila, prema Ministarstvu zdravlja koje vodi Hamas.<\/p>\n<p>Krajem februara 2025. godine, izraelska vojna komanda objavila je izve\u0161taj o napadu palestinskih ekstremisti\u010dkih grupa, <a href=\"https:\/\/www.bbc.com\/serbian\/articles\/ce8vv58nj0po\/lat?xtor=AL-73-%5Bpartner%5D-%5Bboom93.com%5D-%5Blink%5D-%5Bserbian%5D-%5Bbizdev%5D-%5Bisapi%5D\" target=\"_blank\" rel=\"noopener\">priznav\u0161i niz sopstvenih gre\u0161aka i propusta<\/a>.<\/p>\n<p>Posle dugog rata, koji se pro\u0161irio i na druge delove Bliskog istoka, 19. januara ove godine stupio je na snagu prekid vatre.<\/p>\n<p>Dve strane su se usaglasile da u prvih \u0161est nedelja primirja 33 izraelskih talaca razmene za oko 1.900 palestinskih zatvorenika.<\/p>\n<p>Razgovori o prelasku na slede\u0107u fazu sporazuma, prema kojoj bi preostali \u017eivi taoci bili oslobo\u0111eni, a rat trajno okon\u010dan, trebalo je da po\u010dnu po\u010detkom februara, ali do toga nije do\u0161lo.<\/p>\n<p>Do sada je razmenjeno 28 talaca i vi\u0161e od 1.000 zatvorenika.<\/p>\n<p>U Gazi je i dalje oko 60 talaca otetih 7. oktobra, a u pritvoru je i troje ljudi otetih pre vi\u0161e od decenije.<\/p>\n<p>Veruje se da je oko polovine talaca, koji su jo\u0161 u Gazi, \u017eivo.<\/p>\n<p><strong>Pogledajte \u0161ta je Tramp ranije rekao: \u201ePreuze\u0107emo Gazu, to je mesto za ru\u0161enje&#8221;<\/strong><\/p>\n<p><em>Pratite nas na <\/em><a href=\"https:\/\/www.facebook.com\/BBCNewsnasrpskom\" target=\"_blank\" rel=\"noopener\"><em>Fejsbuku<\/em><\/a><em>, <\/em><a href=\"https:\/\/x.com\/bbcnasrpskom\" target=\"_blank\"><em>Tviteru<\/em><\/a><em>, <\/em><a href=\"https:\/\/www.instagram.com\/accounts\/login\/?next=https%3A%2F%2Fwww.instagram.com%2Fbbcnewsnasrpskom%2F&amp;is_from_rle\" target=\"_blank\" rel=\"noopener\"><em>Instagramu,<\/em><\/a><em> <\/em><a href=\"https:\/\/www.youtube.com\/@bbcnewsnasrpskom\" target=\"_blank\" rel=\"noopener\"><em>Jutjubu <\/em><\/a><em>i <\/em><a href=\"https:\/\/invite.viber.com\/?g2=AQBkI0TIwObQ%2F05%2FHQsq%2FNA%2BAuEYxNlidvvazJnHYqbAGJhHDn0L%2BccoktcFf57s&amp;lang=en\" target=\"_blank\" rel=\"noopener\"><em>Vajberu<\/em><\/a><em>. Ako imate predlog teme za nas, javite se na <a href=\"https:\/\/boom93.rs\/cdn-cgi\/l\/email-protection\" class=\"__cf_email__\" data-cfemail=\"157777767b74666765667e7a78557777763b767a3b607e\" target=\"_blank\" rel=\"noopener\">[email\u00a0protected]<\/a><\/em><\/p>\n<p><noscript><img decoding=\"async\" src=\"https:\/\/a1.api.bbc.co.uk\/hit.xiti\/?s=598346&amp;p=serbian.articles.cd65p2q7vx8o.lat.page&amp;x1=%5Burn%3Abbc%3Aoptimo%3Aasset%3Acd65p2q7vx8o%5D&amp;x4=%5Bsr-latn%5D&amp;x5=%5Bhttps%3A%2F%2Fwww.bbc.com%2Fserbian%2Farticles%2Fcd65p2q7vx8o%2Flat%5D&amp;x7=%5Barticle%5D&amp;x8=%5Bsynd_nojs_ISAPI%5D&amp;x9=%5BPrvo+vazdu%C5%A1ni+udari%2C+pa+kopnena+operacija%3A+Izraelska+vojska+ponovo+u+Pojasu+Gaze%5D&amp;x11=%5B2025-03-18T06%3A57%3A46.513Z%5D&amp;x12=%5B2025-03-20T10%3A54%3A28.712Z%5D&amp;x19=%5Bboom93.com%5D\"\/><\/noscript>\n                        <\/div>\n<p><script async defer src=\"https:\/\/platform.instagram.com\/en_US\/embeds.js\"><\/script><br \/>\n<br \/><a href=\"https:\/\/boom93.rs\/article\/43918\/prvo-vazdusni-udari-pa-kopnena-operacija-izraelska-vojska-ponovo-u-pojasu-gaze\" target=\"_blank\" rel=\"noopener\">Source link <\/a><br \/>\n\nIzraelska vojska ponovo u Pojasu Gaze<\/p>\n","protected":false},"excerpt":{"rendered":"<p>Primirje u Gazi vi\u0161e ne postoji. Posle vazdu\u0161nih udara u kojima je poginulo stotine Palestinaca, Izrael sprovodi novu kopnenu operaciju.&hellip;<\/p>\n","protected":false},"author":1,"featured_media":7749,"comment_status":"open","ping_status":"open","sticky":false,"template":"","format":"standard","meta":{"footnotes":""},"categories":[1],"tags":[],"class_list":["post-7748","post","type-post","status-publish","format-standard","has-post-thumbnail","hentry","category-oglasi-vrsac"],"_links":{"self":[{"href":"https:\/\/oglasi.infooglasi.rs\/oglasi\/oglasivrsac\/wp-json\/wp\/v2\/posts\/7748","targetHints":{"allow":["GET"]}}],"collection":[{"href":"https:\/\/oglasi.infooglasi.rs\/oglasi\/oglasivrsac\/wp-json\/wp\/v2\/posts"}],"about":[{"href":"https:\/\/oglasi.infooglasi.rs\/oglasi\/oglasivrsac\/wp-json\/wp\/v2\/types\/post"}],"author":[{"embeddable":true,"href":"https:\/\/oglasi.infooglasi.rs\/oglasi\/oglasivrsac\/wp-json\/wp\/v2\/users\/1"}],"replies":[{"embeddable":true,"href":"https:\/\/oglasi.infooglasi.rs\/oglasi\/oglasivrsac\/wp-json\/wp\/v2\/comments?post=7748"}],"version-history":[{"count":0,"href":"https:\/\/oglasi.infooglasi.rs\/oglasi\/oglasivrsac\/wp-json\/wp\/v2\/posts\/7748\/revisions"}],"wp:featuredmedia":[{"embeddable":true,"href":"https:\/\/oglasi.infooglasi.rs\/oglasi\/oglasivrsac\/wp-json\/wp\/v2\/media\/7749"}],"wp:attachment":[{"href":"https:\/\/oglasi.infooglasi.rs\/oglasi\/oglasivrsac\/wp-json\/wp\/v2\/media?parent=7748"}],"wp:term":[{"taxonomy":"category","embeddable":true,"href":"https:\/\/oglasi.infooglasi.rs\/oglasi\/oglasivrsac\/wp-json\/wp\/v2\/categories?post=7748"},{"taxonomy":"post_tag","embeddable":true,"href":"https:\/\/oglasi.infooglasi.rs\/oglasi\/oglasivrsac\/wp-json\/wp\/v2\/tags?post=7748"}],"curies":[{"name":"wp","href":"https:\/\/api.w.org\/{rel}","templated":true}]}}