{"id":7282,"date":"2023-11-04T21:31:08","date_gmt":"2023-11-04T20:31:08","guid":{"rendered":"https:\/\/oglasi.infooglasi.rs\/oglasi\/oglasizabalj\/u-curugu-odrzani-stocarski-dani-oglasi-zabalj\/"},"modified":"2023-11-04T21:31:08","modified_gmt":"2023-11-04T20:31:08","slug":"u-curugu-odrzani-stocarski-dani-oglasi-zabalj","status":"publish","type":"post","link":"https:\/\/oglasi.infooglasi.rs\/oglasi\/oglasizabalj\/u-curugu-odrzani-stocarski-dani-oglasi-zabalj\/","title":{"rendered":"U \u010curugu odr\u017eani \u201eSto\u010darski dani\u201c &#8211; OGLASI \u017dABALJ"},"content":{"rendered":"<p><\/p>\n<div>\n            <!-- image --><\/p>\n<div class=\"td-post-featured-image\"><a href=\"https:\/\/www.agrotv.net\/wp-content\/uploads\/2022\/06\/U-Curugu-odrzani-\u201eStocarski-dani-3.jpg\" data-caption=\"\" target=\"_blank\" rel=\"noopener\"><img loading=\"lazy\" decoding=\"async\" width=\"1005\" height=\"651\" class=\"entry-thumb td-modal-image\" src=\"https:\/\/www.agrotv.net\/wp-content\/uploads\/2022\/06\/U-Curugu-odrzani-\u201eStocarski-dani-3.jpg\" srcset=\"https:\/\/www.agrotv.net\/wp-content\/uploads\/2022\/06\/U-Curugu-odrzani-\u201eStocarski-dani-3.jpg 1005w, https:\/\/www.agrotv.net\/wp-content\/uploads\/2022\/06\/U-Curugu-odrzani-\u201eStocarski-dani-3-300x194.jpg 300w, https:\/\/www.agrotv.net\/wp-content\/uploads\/2022\/06\/U-Curugu-odrzani-\u201eStocarski-dani-3-768x497.jpg 768w, https:\/\/www.agrotv.net\/wp-content\/uploads\/2022\/06\/U-Curugu-odrzani-\u201eStocarski-dani-3-150x97.jpg 150w, https:\/\/www.agrotv.net\/wp-content\/uploads\/2022\/06\/U-Curugu-odrzani-\u201eStocarski-dani-3-696x451.jpg 696w, https:\/\/www.agrotv.net\/wp-content\/uploads\/2022\/06\/U-Curugu-odrzani-\u201eStocarski-dani-3-648x420.jpg 648w\" sizes=\"auto, (max-width: 1005px) 100vw, 1005px\" alt=\"\" title=\"U \u010curugu odr\u017eani \u201eSto\u010darski dani\u201c (3)\"\/><\/a><\/div>\n<p>            <!-- content --><\/p>\n<p><strong>Udru\u017eenje sto\u010dara iz \u010curuga i ove godine organizovalo je tradicionalne \u201eSto\u010darske dane\u201c, koji su okupili brojne posetioce i izlaga\u010de.<\/strong><\/p>\n<p><img decoding=\"async\" fetchpriority=\"high\" class=\"size-full wp-image-90738 alignleft\" src=\"https:\/\/www.agrotv.net\/wp-content\/uploads\/2022\/06\/U-Curugu-odrzani-\u201eStocarski-dani-1.jpg\" alt=\"\" width=\"600\" height=\"481\" srcset=\"https:\/\/www.agrotv.net\/wp-content\/uploads\/2022\/06\/U-Curugu-odrzani-\u201eStocarski-dani-1.jpg 600w, https:\/\/www.agrotv.net\/wp-content\/uploads\/2022\/06\/U-Curugu-odrzani-\u201eStocarski-dani-1-300x241.jpg 300w, https:\/\/www.agrotv.net\/wp-content\/uploads\/2022\/06\/U-Curugu-odrzani-\u201eStocarski-dani-1-150x120.jpg 150w, https:\/\/www.agrotv.net\/wp-content\/uploads\/2022\/06\/U-Curugu-odrzani-\u201eStocarski-dani-1-524x420.jpg 524w\" sizes=\"(max-width: 600px) 100vw, 600px\"\/>Manifestacija je imala i takmi\u010darski karakter, a u\u010desnici su se nadmetali u kuvanju ov\u010dijeg paprika\u0161a, \u0161i\u0161anju ovaca i tradicionalnim sportskim igrama.<\/p>\n<p>Ve\u0107 \u0161estu godinu zaredom manifestacija \u201eSto\u010darski dani\u201c privla\u010di brojne uzgajiva\u010de stoke i ljubitelje poljoprivrede. Ideja organizatora bila je promocija doma\u0107eg sto\u010darstva i lak\u0161i plasman proizvoda na tr\u017ei\u0161tu.<\/p>\n<p>Ovu manifestaciju svake godine poseti nekoliko hiljada turista, koji su pored brojnih festivalskih aktivnosti mogli da u\u017eivaju i u bogatom kulturno-umetni\u010dkom programu.<\/p>\n<p>\u201eSto\u010darski dani\u201c odr\u017eavaju se svake godine kod \u010duvene Ro\u0111ine vetrenja\u010de. Manifestacija je pored izlo\u017ebenog dela imala i takmi\u010darski karakter.<\/p>\n<p><img loading=\"lazy\" decoding=\"async\" class=\"size-full wp-image-90739 alignright\" src=\"https:\/\/www.agrotv.net\/wp-content\/uploads\/2022\/06\/U-Curugu-odrzani-\u201eStocarski-dani-2.jpg\" alt=\"\" width=\"600\" height=\"501\" srcset=\"https:\/\/www.agrotv.net\/wp-content\/uploads\/2022\/06\/U-Curugu-odrzani-\u201eStocarski-dani-2.jpg 600w, https:\/\/www.agrotv.net\/wp-content\/uploads\/2022\/06\/U-Curugu-odrzani-\u201eStocarski-dani-2-300x251.jpg 300w, https:\/\/www.agrotv.net\/wp-content\/uploads\/2022\/06\/U-Curugu-odrzani-\u201eStocarski-dani-2-150x125.jpg 150w, https:\/\/www.agrotv.net\/wp-content\/uploads\/2022\/06\/U-Curugu-odrzani-\u201eStocarski-dani-2-503x420.jpg 503w\" sizes=\"auto, (max-width: 600px) 100vw, 600px\"\/>S obzirom na to da Op\u0161tina \u017dabalj raspola\u017ee sa 32 hiljade hektara obradive zemlje, ona se trudi da svojim poljoprivrednicima pomogne i subvencijama.<\/p>\n<p>\u2013 Trenutno \u0161to je aktuelno za poljoprivredne proizvo\u0111a\u010de jeste subvencionisane kamate na kredite, na kratkoro\u010dno obrtna sredstva do dva miliona dinara gde poljoprivrednici uzimaju taj novac takore\u0107i besplatno, a op\u0161tina snosi tro\u0161kove kamate a oni samo vrate glavnicu \u2013 rekao je Uro\u0161 Radanovi\u0107, predsednik op\u0161tine \u017dabalj.<\/p>\n<p>Pored \u201eSto\u010darskih dana\u201c, op\u0161tina \u017dabalj poznata je i po brojnim manifestacijama kulturno-umetni\u010dkog i takmi\u010darskog karaktera.<\/p>\n<p>Izvor: RTV<\/p>\n<p>Foto: Op\u0161tina \u017dabalj<\/p>\n<div class=\"td-a-rec td-a-rec-id-content_bottom  tdi_1 td_block_template_1\">\n<p><a href=\"https:\/\/www.agrotv.net\/kontakt\/\" target=\"_blank\" rel=\"noopener\">&#13;<br \/>\n<img decoding=\"async\" class=\"aligncenter\" src=\"https:\/\/www.agrotv.net\/wp-content\/uploads\/2020\/11\/728x100.jpg\" alt=\"reklama\" style=\"width:728px; height: 100px\"\/>&#13;<br \/>\n<\/a>\n<\/div>\n<\/p><\/div>\n<p><a href=\"https:\/\/www.agrotv.net\/u-curugu-odrzani-stocarski-dani\/\" target=\"_blank\" rel=\"noopener\">Source link <\/a><br \/>\n\nU \u010curugu odr\u017eani \u201eSto\u010darski dani\u201c<\/p>\n","protected":false},"excerpt":{"rendered":"<p>Udru\u017eenje sto\u010dara iz \u010curuga i ove godine organizovalo je tradicionalne \u201eSto\u010darske dane\u201c, koji su okupili brojne posetioce i izlaga\u010de. Manifestacija&hellip;<\/p>\n","protected":false},"author":1,"featured_media":7283,"comment_status":"open","ping_status":"open","sticky":false,"template":"","format":"standard","meta":{"footnotes":""},"categories":[1],"tags":[],"class_list":["post-7282","post","type-post","status-publish","format-standard","has-post-thumbnail","hentry","category-oglasi-zabalj"],"_links":{"self":[{"href":"https:\/\/oglasi.infooglasi.rs\/oglasi\/oglasizabalj\/wp-json\/wp\/v2\/posts\/7282","targetHints":{"allow":["GET"]}}],"collection":[{"href":"https:\/\/oglasi.infooglasi.rs\/oglasi\/oglasizabalj\/wp-json\/wp\/v2\/posts"}],"about":[{"href":"https:\/\/oglasi.infooglasi.rs\/oglasi\/oglasizabalj\/wp-json\/wp\/v2\/types\/post"}],"author":[{"embeddable":true,"href":"https:\/\/oglasi.infooglasi.rs\/oglasi\/oglasizabalj\/wp-json\/wp\/v2\/users\/1"}],"replies":[{"embeddable":true,"href":"https:\/\/oglasi.infooglasi.rs\/oglasi\/oglasizabalj\/wp-json\/wp\/v2\/comments?post=7282"}],"version-history":[{"count":0,"href":"https:\/\/oglasi.infooglasi.rs\/oglasi\/oglasizabalj\/wp-json\/wp\/v2\/posts\/7282\/revisions"}],"wp:featuredmedia":[{"embeddable":true,"href":"https:\/\/oglasi.infooglasi.rs\/oglasi\/oglasizabalj\/wp-json\/wp\/v2\/media\/7283"}],"wp:attachment":[{"href":"https:\/\/oglasi.infooglasi.rs\/oglasi\/oglasizabalj\/wp-json\/wp\/v2\/media?parent=7282"}],"wp:term":[{"taxonomy":"category","embeddable":true,"href":"https:\/\/oglasi.infooglasi.rs\/oglasi\/oglasizabalj\/wp-json\/wp\/v2\/categories?post=7282"},{"taxonomy":"post_tag","embeddable":true,"href":"https:\/\/oglasi.infooglasi.rs\/oglasi\/oglasizabalj\/wp-json\/wp\/v2\/tags?post=7282"}],"curies":[{"name":"wp","href":"https:\/\/api.w.org\/{rel}","templated":true}]}}