{"id":7424,"date":"2024-03-27T07:24:10","date_gmt":"2024-03-27T06:24:10","guid":{"rendered":"https:\/\/oglasi.infooglasi.rs\/oglasi\/oglasizabalj\/centralni-pomen-u-znak-secanja-na-zrtve-racije-1942-godine-u-backoj-odrzan-u-beceju-portal-moj-becej-oglasi-zabalj\/"},"modified":"2024-03-27T07:24:10","modified_gmt":"2024-03-27T06:24:10","slug":"centralni-pomen-u-znak-secanja-na-zrtve-racije-1942-godine-u-backoj-odrzan-u-beceju-portal-moj-becej-oglasi-zabalj","status":"publish","type":"post","link":"https:\/\/oglasi.infooglasi.rs\/oglasi\/oglasizabalj\/centralni-pomen-u-znak-secanja-na-zrtve-racije-1942-godine-u-backoj-odrzan-u-beceju-portal-moj-becej-oglasi-zabalj\/","title":{"rendered":"Centralni pomen u znak se\u0107anja na \u017ertve Racije 1942. godine u Ba\u010dkoj odr\u017ean u Be\u010deju &#8211; Portal Moj Be\u010dej &#8211; OGLASI \u017dABALJ"},"content":{"rendered":"<p><\/p>\n<div>\n<p>&#13;<br \/>\n                                <a href=\"https:\/\/www.youtube.com\/watch?v=XoDX2hCNojI\" target=\"_blank\" rel=\"noopener\">https:\/\/www.youtube.com\/watch?v=XoDX2hCNojI<\/a>                            &#13;\n                            <\/p>\n<p style=\"text-align: justify;\"><strong>Zloglasna Hortijevska racija na prostoru ju\u017ene Ba\u010dke 1942. godine po\u010dela je 4. januara u \u010curugu, nastavila se u \u017dablju, Gospo\u0111incima, \u0160ajka\u0161u, \u0110ur\u0111evu, Mo\u0161orinu, Titelu, Vilovu, Loku, Gardinovcima, Novom Sadu, Temerinu, Srbobranu i zavr\u0161ila trodnevnim pogromom 28. istog meseca u Be\u010deju.<\/strong><\/p>\n<p style=\"text-align: justify;\">Ma\u0111arske okupacione snage ubile su oko 4.000 Srba, Jevreja i Roma, me\u0111u kojima je bilo i 165 dece. Bio je to jedan od najstra\u0161nijih zlo\u010dina nad civilnim stanovni\u0161tvom ovog prostora po masovnosti i na\u010dinu izvr\u0161enja. Be\u017eivotna tela nevinih \u017ertava ba\u010dena su pod led zamrznutog Dunava i Tise. Iako je od krvavog pira pro\u0161lo, gotovo, osam decenija, sti\u010de se utisak da isti nije dovoljno osvetljen, pa je, na inicijativu Eparhije ba\u010dke Srpske pravoslavne crke i Vlade AP Vojvodine, 2016. godine odlu\u010deno da se, pored tradicionalnih komemorativnih skupova u mestima gde su se tragi\u010dni doga\u0111aji de\u0161avali, organizovanjem centralnog pomena na dostojan na\u010din obele\u017ei se\u0107anje na nevino stradale u Raciji. Ove godine je doma\u0107in takvog skupa bio Be\u010dej.<\/p>\n<p style=\"text-align: justify;\">U <strong>Srpskoj pravoslavnoj crkvi<\/strong> posve\u0107enoj Svetom velikomu\u010deniku Georgiju i prisustvu velikog broja vernika parastos nevinim \u017ervama Racije u ju\u017enoj Ba\u010dkoj slu\u017eio je Njegovo Preosve\u0161tenstvo Episkop ba\u010dki gospodin dr Irinej, uz saslu\u017eenje Njegovog preosve\u0161tenstva Episkopa moha\u010dkog gospodina Isihija i sve\u0161tenstva Eparhije ba\u010dke.<\/p>\n<p style=\"text-align: justify;\">Posle parastosa i besede Episkopa ba\u010dkog gospodina dr Irineja u pomenutom hramu, vrhovni rabin jevrejske zajedice u Srbiji Isak Asiel je slu\u017eio jevrejsku molitvu za mrtve \u201ekadi\u0161\u201c na centralnom gradskom trgu ispred hrama. Na istom mestu vi\u0161e stotina prisutnih Be\u010dejaca i potomaka stradalih iz pomenutih mesta pozdravio je u ime doma\u0107ina\u00a0 predsednik op\u0161tine Be\u010dej Dragan To\u0161i\u0107 naglasiv\u0161i da je danas Be\u010dej simbol istorije koja se vi\u0161e nikad ne sme ponoviti i naglasio da su\u017eivot nema alternativu u najve\u0107oj varo\u0161i kraj na\u0161eg par\u010deta Tise, a onda se \u00a0obratio predsednik Pokrajinske vlade Igor Mirovi\u0107.<\/p>\n<p style=\"text-align: justify;\"><em><strong>-Kulturu se\u0107anja u celini, posebno pijetet prema nevinim \u017ertvama ma \u010dije da su bile i ma ko da su bili njihovi d\u017ealati, moramo da negujemo i razvijamo svi, a u tome moraju da prednja\u010de institucije. Upravo zato smo pre tri godine i uveli zajedni\u010dko obele\u017eavanje godi\u0161njice Racije u ju\u017enoj Ba\u010dkoj. Pored se\u0107anja, ovde smo i zbog opomene da zlo\u010din koji se dogodio krvavog januara 1942. godine na ovim prostorima vi\u0161e nigde, vi\u0161e niko i vi\u0161e nikad ne sme da ponovi. Ujedno, \u0161aljemo poruku da zlo\u010din vi\u0161e nikad ne sme da bude sredstvo za ostvarivanje politi\u010dkih ili bilo kakvih drugih ciljeva,<\/strong><\/em> rekao je, izme\u0111u ostalog, Igor Mirovi\u0107.<\/p>\n<p style=\"text-align: justify;\">Dostojanstven skup komemorativnog formata zavr\u0161en je polaganjem venaca. U ime Skup\u0161tine AP Vojvodine venac su polo\u017eili predsednik I\u0161tvan Pastor i potpredsednici Smiljana Glamo\u010danin Varga i Miroslav Vasin, Igor Mirovi\u0107 je isto u\u010dinio u ime Pokrajinske vlade, a vence su polo\u017eili i predsednik op\u0161tine Be\u010dej Dragan To\u0161i\u0107, zamenik ambasadora Ma\u0111arske u Beogradu Gabor Palinka\u0161 i predstavnici Jevrejske zajednice u Srbiji.<\/p>\n<p>V. Jankov<\/p>\n<p>\u00a0<\/p>\n<p>Pogledajte snimak sa obele\u017eavanja<\/p>\n<div class=\"desktopAd\" style=\"width: 100%;text-align: center;\">\n<div class=\"g g-7\">\n<div class=\"g-dyn a-69 c-1\"><span class=\"desktopAd\"><a class=\"gofollow\" data-track=\"NjksNywxLDYw\" href=\"https:\/\/www.facebook.com\/profile.php?id=100082214606073\" target=\"_blank\" rel=\"noopener\"><img decoding=\"async\" src=\"https:\/\/mojbecej.rs\/wp-content\/uploads\/2023\/10\/VetPet-centar-baner-7.gif\"\/><\/a><\/span><\/div>\n<\/div>\n<\/div>\n<div class=\"mobileAd\" style=\"width: 100%;text-align: center;\">\n<div class=\"g g-8\">\n<div class=\"g-dyn a-70 c-1\"><span class=\"mobileAd\"><a class=\"gofollow\" data-track=\"NzAsOCwxLDYw\" href=\"https:\/\/www.facebook.com\/profile.php?id=100082214606073\" target=\"_blank\" rel=\"noopener\"><img decoding=\"async\" src=\"https:\/\/mojbecej.rs\/wp-content\/uploads\/2023\/10\/VetPet-centar-mobile-baner-7.gif\"\/><\/a><\/span><\/div>\n<\/div>\n<\/div><\/div>\n<p><a href=\"https:\/\/mojbecej.rs\/centralni-pomen-u-znak-secanja-na-zrtve-racije-1942-godine-u-backoj-odrzan-u-beceju\/\" target=\"_blank\" rel=\"noopener\">Source link <\/a><br \/>\n\nCentralni pomen u znak se\u0107anja na \u017ertve Racije 1942. godine u Ba\u010dkoj odr\u017ean u Be\u010deju &#8211; Portal Moj Be\u010dej<\/p>\n","protected":false},"excerpt":{"rendered":"<p>&#13; &#13; Zloglasna Hortijevska racija na prostoru ju\u017ene Ba\u010dke 1942. godine po\u010dela je 4. januara u \u010curugu, nastavila se u&hellip;<\/p>\n","protected":false},"author":1,"featured_media":7426,"comment_status":"open","ping_status":"open","sticky":false,"template":"","format":"standard","meta":{"footnotes":""},"categories":[1],"tags":[],"class_list":["post-7424","post","type-post","status-publish","format-standard","has-post-thumbnail","hentry","category-oglasi-zabalj"],"_links":{"self":[{"href":"https:\/\/oglasi.infooglasi.rs\/oglasi\/oglasizabalj\/wp-json\/wp\/v2\/posts\/7424","targetHints":{"allow":["GET"]}}],"collection":[{"href":"https:\/\/oglasi.infooglasi.rs\/oglasi\/oglasizabalj\/wp-json\/wp\/v2\/posts"}],"about":[{"href":"https:\/\/oglasi.infooglasi.rs\/oglasi\/oglasizabalj\/wp-json\/wp\/v2\/types\/post"}],"author":[{"embeddable":true,"href":"https:\/\/oglasi.infooglasi.rs\/oglasi\/oglasizabalj\/wp-json\/wp\/v2\/users\/1"}],"replies":[{"embeddable":true,"href":"https:\/\/oglasi.infooglasi.rs\/oglasi\/oglasizabalj\/wp-json\/wp\/v2\/comments?post=7424"}],"version-history":[{"count":0,"href":"https:\/\/oglasi.infooglasi.rs\/oglasi\/oglasizabalj\/wp-json\/wp\/v2\/posts\/7424\/revisions"}],"wp:featuredmedia":[{"embeddable":true,"href":"https:\/\/oglasi.infooglasi.rs\/oglasi\/oglasizabalj\/wp-json\/wp\/v2\/media\/7426"}],"wp:attachment":[{"href":"https:\/\/oglasi.infooglasi.rs\/oglasi\/oglasizabalj\/wp-json\/wp\/v2\/media?parent=7424"}],"wp:term":[{"taxonomy":"category","embeddable":true,"href":"https:\/\/oglasi.infooglasi.rs\/oglasi\/oglasizabalj\/wp-json\/wp\/v2\/categories?post=7424"},{"taxonomy":"post_tag","embeddable":true,"href":"https:\/\/oglasi.infooglasi.rs\/oglasi\/oglasizabalj\/wp-json\/wp\/v2\/tags?post=7424"}],"curies":[{"name":"wp","href":"https:\/\/api.w.org\/{rel}","templated":true}]}}