{"id":7431,"date":"2024-04-06T20:43:34","date_gmt":"2024-04-06T18:43:34","guid":{"rendered":"https:\/\/oglasi.infooglasi.rs\/oglasi\/oglasizabalj\/evo-do-kada-cemo-za-novi-sad-ici-preko-zablja-oglasi-zabalj\/"},"modified":"2024-04-06T20:43:34","modified_gmt":"2024-04-06T18:43:34","slug":"evo-do-kada-cemo-za-novi-sad-ici-preko-zablja-oglasi-zabalj","status":"publish","type":"post","link":"https:\/\/oglasi.infooglasi.rs\/oglasi\/oglasizabalj\/evo-do-kada-cemo-za-novi-sad-ici-preko-zablja-oglasi-zabalj\/","title":{"rendered":"EVO DO KADA \u0106EMO ZA NOVI SAD I\u0106I PREKO \u017dABLJA &#8211; OGLASI \u017dABALJ"},"content":{"rendered":"<p><\/p>\n<div>\n<div class=\"storyLead mb-3 mt-1\">\n<p>BEOGRAD, ZRENJANIN \u2013 Do 15. novembra, zbog izgradnje mostova i izvo\u0111enja radova na poja\u010danom odr\u017eavanju, obustavljen je saobra\u0107aj na dr\u017eavnom putu I B reda broj 12, na putu Zrenjanin \u2013 Novi Sad, odnosno na deonici Ka\u0107 \u2013 Zrenjanin, saop\u0161tili su iz \u201ePuteva Srbije\u201c. \u00a0 \u00a0 Alternativni pravac je dr\u017eavni put II A reda broj 11 [\u2026]\n<\/div>\n<p>\t\t\t\t\t\t\t<!-- .entry-meta -->\n\t\t\t\t\t<\/div>\n<div>\n<p><strong>BEOGRAD, ZRENJANIN<\/strong> \u2013 Do 15. novembra, zbog izgradnje mostova i izvo\u0111enja radova na poja\u010danom odr\u017eavanju, obustavljen je saobra\u0107aj na dr\u017eavnom putu I B reda broj 12, na putu Zrenjanin \u2013 Novi Sad, odnosno na deonici Ka\u0107 \u2013 Zrenjanin, saop\u0161tili su iz \u201ePuteva Srbije\u201c.<\/p>\n<p>\u00a0<\/p>\n<p><img loading=\"lazy\" decoding=\"async\" class=\"alignnone size-full wp-image-36553\" src=\"https:\/\/www.zrenjaninski.com\/wp-content\/uploads\/sites\/10\/2017\/04\/put-novi-sad-zrenjanin-1-1.jpg\" alt=\"\" width=\"900\" height=\"596\" srcset=\"https:\/\/zrenjaninski.com\/wp-content\/uploads\/sites\/10\/2017\/04\/put-novi-sad-zrenjanin-1-1.jpg 900w, https:\/\/zrenjaninski.com\/wp-content\/uploads\/sites\/10\/2017\/04\/put-novi-sad-zrenjanin-1-1-755x500.jpg 755w, https:\/\/zrenjaninski.com\/wp-content\/uploads\/sites\/10\/2017\/04\/put-novi-sad-zrenjanin-1-1-300x200.jpg 300w\" sizes=\"auto, (max-width: 900px) 100vw, 900px\"\/><\/p>\n<p>\u00a0<\/p>\n<p>Alternativni pravac je dr\u017eavni put II A reda broj 11 \u017dabalj \u2013 \u010curug i \u017dabalj \u2013 \u0160ajka\u0161.<\/p>\n<\/p><\/div>\n<p><a href=\"https:\/\/zrenjaninski.com\/grad\/evo-kada-cemo-za-novi-sad-ici-preko-zablja\/\" target=\"_blank\" rel=\"noopener\">Source link <\/a><br \/>\n\nEVO DO KADA \u0106EMO ZA NOVI SAD I\u0106I PREKO \u017dABLJA<\/p>\n","protected":false},"excerpt":{"rendered":"<p>BEOGRAD, ZRENJANIN \u2013 Do 15. novembra, zbog izgradnje mostova i izvo\u0111enja radova na poja\u010danom odr\u017eavanju, obustavljen je saobra\u0107aj na dr\u017eavnom&hellip;<\/p>\n","protected":false},"author":1,"featured_media":0,"comment_status":"open","ping_status":"open","sticky":false,"template":"","format":"standard","meta":{"footnotes":""},"categories":[1],"tags":[],"class_list":["post-7431","post","type-post","status-publish","format-standard","hentry","category-oglasi-zabalj"],"_links":{"self":[{"href":"https:\/\/oglasi.infooglasi.rs\/oglasi\/oglasizabalj\/wp-json\/wp\/v2\/posts\/7431","targetHints":{"allow":["GET"]}}],"collection":[{"href":"https:\/\/oglasi.infooglasi.rs\/oglasi\/oglasizabalj\/wp-json\/wp\/v2\/posts"}],"about":[{"href":"https:\/\/oglasi.infooglasi.rs\/oglasi\/oglasizabalj\/wp-json\/wp\/v2\/types\/post"}],"author":[{"embeddable":true,"href":"https:\/\/oglasi.infooglasi.rs\/oglasi\/oglasizabalj\/wp-json\/wp\/v2\/users\/1"}],"replies":[{"embeddable":true,"href":"https:\/\/oglasi.infooglasi.rs\/oglasi\/oglasizabalj\/wp-json\/wp\/v2\/comments?post=7431"}],"version-history":[{"count":0,"href":"https:\/\/oglasi.infooglasi.rs\/oglasi\/oglasizabalj\/wp-json\/wp\/v2\/posts\/7431\/revisions"}],"wp:attachment":[{"href":"https:\/\/oglasi.infooglasi.rs\/oglasi\/oglasizabalj\/wp-json\/wp\/v2\/media?parent=7431"}],"wp:term":[{"taxonomy":"category","embeddable":true,"href":"https:\/\/oglasi.infooglasi.rs\/oglasi\/oglasizabalj\/wp-json\/wp\/v2\/categories?post=7431"},{"taxonomy":"post_tag","embeddable":true,"href":"https:\/\/oglasi.infooglasi.rs\/oglasi\/oglasizabalj\/wp-json\/wp\/v2\/tags?post=7431"}],"curies":[{"name":"wp","href":"https:\/\/api.w.org\/{rel}","templated":true}]}}