{"id":7633,"date":"2025-04-07T14:44:25","date_gmt":"2025-04-07T12:44:25","guid":{"rendered":"https:\/\/oglasi.infooglasi.rs\/oglasi\/oglasizabalj\/danas-protest-i-blokada-kruznog-toka-oglasi-zabalj\/"},"modified":"2025-04-07T14:44:25","modified_gmt":"2025-04-07T12:44:25","slug":"danas-protest-i-blokada-kruznog-toka-oglasi-zabalj","status":"publish","type":"post","link":"https:\/\/oglasi.infooglasi.rs\/oglasi\/oglasizabalj\/danas-protest-i-blokada-kruznog-toka-oglasi-zabalj\/","title":{"rendered":"Danas protest i blokada kru\u017enog toka &#8211; OGLASI \u017dABALJ"},"content":{"rendered":"<p><\/p>\n<div>\n<div class=\"storyLead mb-3 mt-1\">\n<p>Grupa Zrenjaninaca krenula je biciklima do \u017dablja gde se danas odr\u017eava protest.<\/p>\n<\/div>\n<p>\t\t\t\t\t\t\t<!-- .entry-meta -->\n\t\t\t\t\t<\/div>\n<div>\n<p>\u00a0<\/p>\n<p>Zrenjaninski biciklisti su pre polaska u susednu op\u0161tinu razvili transparent na kojem pi\u0161e \u201eZrenjanin \u2013 gde je voda\u201c, jo\u0161 jednom ukazuju\u0107i na dugogodi\u0161nji problem sa ispravnom vodom za pi\u0107e koji imaju stanovnici grada na Begeju.<\/p>\n<p>\u00a0<\/p>\n<p>Podsetimo, m<span>e\u0161tani \u017dablja najavili su za nedelju, 6. april, blokadu kru\u017enog toka na putu Zrenjanin \u2013 Novi Sad.<\/span><\/p>\n<p>\u00a0<\/p>\n<p><a href=\"https:\/\/zrenjaninski.com\/politika\/anketa-idete-li-dobrovoljno-na-skup-koji-rezim-organizuje-12-aprila-u-beogradu\/\" target=\"_blank\" rel=\"noopener\"><strong>PRO\u010cITAJTE JO\u0160: ANKETA: Idete li (dobrovoljno) na skup koji re\u017eim organizuje 12. aprila u Beogradu?<\/strong><\/a><\/p>\n<p>\u00a0<\/p>\n<p>Akcijom \u201e\u017dabalj \u0161eta za pravdu\u201c, \u017eitelji ovog ba\u010dkog gradi\u0107a \u0107e, zajedno sa stanovnicima okolnih mesta, pru\u017eiti podr\u0161ku studentima.<\/p>\n<p>\u00a0<\/p>\n<p>Skup je zakazan za 14.30 \u010dasova, ispred zgrade Op\u0161tine \u017dabalj.<\/p>\n<p>\u00a0<\/p>\n<p>Sledi \u0161etnja do kru\u017enog toka na putu Zrenjanin \u2013 Novi Sad, gde \u0107e okupljeni \u0161esnaestominutnom ti\u0161inom odati po\u0161tu \u017ertvama pada nadstre\u0161nice na rekosntruisanoj \u017delezni\u010dkoj stanici u Novom Sadu, koja je postala simbol korupcije u Srbiji.<\/p>\n<p>\u00a0<\/p>\n<p>Nakon ti\u0161ine, usledi\u0107e sat vremena buke i blokade raskrsnice.<\/p>\n<p>\u00a0<\/p>\n<p><a href=\"https:\/\/zrenjaninski.com\/vesti-zrenjanin\/ovde-svi-punoletni-gradjani-mogu-preuzeti-5-000-dinara-2\/\" target=\"_blank\" rel=\"noopener\"><strong>PRO\u010cITAJTE JO\u0160: OVDE SVI PUNOLETNI GRA\u0110ANI MOGU PREUZETI 5.000 DINARA<\/strong><\/a><\/p>\n<p>\u00a0<\/p>\n<p>Gra\u0111ani op\u0161tine \u017dabalj pozvali su stanovnike okolnih mesta da se pridru\u017ee ovom skupu.<\/p>\n<p>\u00a0<\/p>\n<p>\u201e\u017delimo da poka\u017eemo snagu ujedinjenog naroda, odamo po\u010dast \u017ertvama i skrenemo pa\u017enju na to da studentski zahtevi jo\u0161 nisu ispunjeni\u201c, isti\u010de se u saop\u0161tenju dostavljenom redakciji portala<span>\u00a0<\/span><a href=\"https:\/\/www.zrenjaninski.com\/\" target=\"_blank\" rel=\"noopener\">zrenjaninski.com<\/a>.<a href=\"https:\/\/zrenjaninski.com\/politika\/veliki-studentski-protest-u-zrenjaninu-dolaze-beogradski-sindikat-milos-timotijevic\/\" target=\"_blank\" rel=\"noopener\"><strong\/><\/a><\/p>\n<p>\u00a0<\/p>\n<p><iframe loading=\"lazy\" width=\"560\" height=\"314\" style=\"border: none; overflow: hidden;\" src=\"https:\/\/www.facebook.com\/plugins\/video.php?height=314&amp;href=https%3A%2F%2Fwww.facebook.com%2Fmojzrenjanin%2Fvideos%2F1340725697047305%2F&amp;show_text=false&amp;width=560&amp;t=0\" scrolling=\"no\" frameborder=\"0\" allow=\"autoplay; clipboard-write; encrypted-media; picture-in-picture; web-share\" allowfullscreen=\"allowfullscreen\"><\/iframe><\/p>\n<p>\u00a0<\/p>\n<\/p><\/div>\n<p><a href=\"https:\/\/zrenjaninski.com\/politika\/zrenjaninci-idu-biciklima-do-zablja-danas-protest-i-blokada-kruznog-toka\/\" target=\"_blank\" rel=\"noopener\">Source link <\/a><br \/>\n\nDanas protest i blokada kru\u017enog toka<\/p>\n","protected":false},"excerpt":{"rendered":"<p>Grupa Zrenjaninaca krenula je biciklima do \u017dablja gde se danas odr\u017eava protest. \u00a0 Zrenjaninski biciklisti su pre polaska u susednu&hellip;<\/p>\n","protected":false},"author":1,"featured_media":7634,"comment_status":"open","ping_status":"open","sticky":false,"template":"","format":"standard","meta":{"footnotes":""},"categories":[1],"tags":[],"class_list":["post-7633","post","type-post","status-publish","format-standard","has-post-thumbnail","hentry","category-oglasi-zabalj"],"_links":{"self":[{"href":"https:\/\/oglasi.infooglasi.rs\/oglasi\/oglasizabalj\/wp-json\/wp\/v2\/posts\/7633","targetHints":{"allow":["GET"]}}],"collection":[{"href":"https:\/\/oglasi.infooglasi.rs\/oglasi\/oglasizabalj\/wp-json\/wp\/v2\/posts"}],"about":[{"href":"https:\/\/oglasi.infooglasi.rs\/oglasi\/oglasizabalj\/wp-json\/wp\/v2\/types\/post"}],"author":[{"embeddable":true,"href":"https:\/\/oglasi.infooglasi.rs\/oglasi\/oglasizabalj\/wp-json\/wp\/v2\/users\/1"}],"replies":[{"embeddable":true,"href":"https:\/\/oglasi.infooglasi.rs\/oglasi\/oglasizabalj\/wp-json\/wp\/v2\/comments?post=7633"}],"version-history":[{"count":0,"href":"https:\/\/oglasi.infooglasi.rs\/oglasi\/oglasizabalj\/wp-json\/wp\/v2\/posts\/7633\/revisions"}],"wp:featuredmedia":[{"embeddable":true,"href":"https:\/\/oglasi.infooglasi.rs\/oglasi\/oglasizabalj\/wp-json\/wp\/v2\/media\/7634"}],"wp:attachment":[{"href":"https:\/\/oglasi.infooglasi.rs\/oglasi\/oglasizabalj\/wp-json\/wp\/v2\/media?parent=7633"}],"wp:term":[{"taxonomy":"category","embeddable":true,"href":"https:\/\/oglasi.infooglasi.rs\/oglasi\/oglasizabalj\/wp-json\/wp\/v2\/categories?post=7633"},{"taxonomy":"post_tag","embeddable":true,"href":"https:\/\/oglasi.infooglasi.rs\/oglasi\/oglasizabalj\/wp-json\/wp\/v2\/tags?post=7633"}],"curies":[{"name":"wp","href":"https:\/\/api.w.org\/{rel}","templated":true}]}}