{"id":7497,"date":"2023-11-05T09:09:17","date_gmt":"2023-11-05T08:09:17","guid":{"rendered":"https:\/\/oglasi.infooglasi.rs\/oglasi\/oglasizitiste\/nakon-napada-na-penzionere-u-srpskom-itebeju-mi-smo-preplaseni-dolazila-je-te-noci-hitna-pomoc-i-policija-drustvo-oglasi-zitiste\/"},"modified":"2023-11-05T09:09:17","modified_gmt":"2023-11-05T08:09:17","slug":"nakon-napada-na-penzionere-u-srpskom-itebeju-mi-smo-preplaseni-dolazila-je-te-noci-hitna-pomoc-i-policija-drustvo-oglasi-zitiste","status":"publish","type":"post","link":"https:\/\/oglasi.infooglasi.rs\/oglasi\/oglasizitiste\/nakon-napada-na-penzionere-u-srpskom-itebeju-mi-smo-preplaseni-dolazila-je-te-noci-hitna-pomoc-i-policija-drustvo-oglasi-zitiste\/","title":{"rendered":"Nakon napada na penzionere u Srpskom Itebeju: Mi smo prepla\u0161eni, dolazila je te no\u0107i hitna pomo\u0107 i policija &#8211; Dru\u0161tvo &#8211; OGLASI \u017dITI\u0160TE"},"content":{"rendered":"<p><\/p>\n<div>\n<div class=\"font-medium post-intro-content content\">\n<p>Pripadnici Ministarstva unutra\u0161njih poslova, PU Zrenjanin,\u00a0 po nalogu OJT Zrenjanin identifikovali su i uhapsili \u010detvoricu mu\u0161karaca iz okoline \u017diti\u0161ta zbog postojanja osnova sumnje da su izvr\u0161ili krivi\u010dno delo nasilni\u010dko pona\u0161anje.<\/p>\n<\/div>\n<p>Oni se terete da su 10. avgusta nasrnuli na ku\u0107u jedne porodice u Srpskom Itebeju, zbog \u010dega su sa krivi\u010dnim prijavama predati Tu\u017eila\u0161tvu u Zrenjaninu.<\/p>\n<p>Nemili doga\u0111aj, kako saznajemo, desio se u op\u0161tini \u017diti\u0161te, kada je u no\u0107i 10. avgusta napadnuta ku\u0107a bra\u010dnog para penzionera, o \u010demu su oni pismeno izvestili medije.<\/p>\n<p>Kako su naveli za Danas, njihovu ku\u0107u napale su nepoznate mu\u0161ke osobe, koje su bacale cigle i razbile im prozore, uni\u0161tiv\u0161i pritom prozore i unutra\u0161njost objekta, nakon \u010dega su provalili ogradu dvori\u0161ta i o\u0161tetili porodi\u010dni automobil i traktor.<\/p>\n<p>\u201eIncident se desio posle pono\u0107i, nakon \u0161to je suprug lupao na prozor starog Vatrogasnog doma, gde se odr\u017eavaju proslave i odakle svake no\u0107i dopire buka od koje ne mo\u017eemo da spavamo. Do\u0161li su neki nepoznati mu\u0161karci pred na\u0161u ku\u0107u i po\u010deli ciglama da ga\u0111aju prozore. Cigle su letele pored na\u0161ih glava, samo pukom sre\u0107om nas nisu pogodile\u201c, ispri\u010dala je za Danas R.H. koja j zbog svega zatra\u017eila lekarsku pomo\u0107.<\/p>\n<figure id=\"attachment_2700584\" aria-describedby=\"caption-attachment-2700584\" style=\"width: 1000px\" class=\"wp-caption alignnone\"><img loading=\"lazy\" decoding=\"async\" class=\"size-full wp-image-2700584\" src=\"https:\/\/www.danas.rs\/wp-content\/uploads\/2023\/08\/FB_IMG_1692182163732-e1692185836856.jpg\" alt=\"Nakon napada na penzionere u Srpskom Itebeju: Mi smo prepla\u0161eni, dolazila je te no\u0107i hitna pomo\u0107 i policija 2\" width=\"1000\" height=\"565\" srcset=\"https:\/\/www.danas.rs\/wp-content\/uploads\/2023\/08\/FB_IMG_1692182163732-e1692185836856.jpg 1000w, https:\/\/www.danas.rs\/wp-content\/uploads\/2023\/08\/FB_IMG_1692182163732-e1692185836856-300x170.jpg 300w, https:\/\/www.danas.rs\/wp-content\/uploads\/2023\/08\/FB_IMG_1692182163732-e1692185836856-768x434.jpg 768w\" sizes=\"auto, (max-width: 1000px) 100vw, 1000px\" title=\"Nakon napada na penzionere u Srpskom Itebeju: Mi smo prepla\u0161eni, dolazila je te no\u0107i hitna pomo\u0107 i policija 2\"\/><figcaption id=\"caption-attachment-2700584\" class=\"wp-caption-text\">Foto: privatna arhiva<\/figcaption><\/figure>\n<p>Ka\u017ee da se napad nastavio na njihovu imovinu, probijanjem kapije i o\u0161te\u0107ivanjem vozila u dvori\u0161tu.<\/p>\n<p>\u201eZa mene i mu\u017ea je to sve stra\u0161no, ne mogu da verujem da se to desilo. O\u0161tetili su nam traktor i kola. Mi smo prepla\u0161eni, dolazila je te no\u0107i hitna pomo\u0107, ja i sad idem kod lekara zbog visokog pritiska. Policiji smo sve prijavili i dali izjave. \u010culi smo da su neki ljudi privedeni\u201c, pri\u010da R.H.<\/p>\n<p>Vi\u0161e vesti iz ovog grada \u010ditajte na slede\u0107em <a href=\"https:\/\/www.danas.rs\/mesto\/zrenjanin\/\" data-wpel-link=\"internal\" target=\"_blank\" rel=\"noopener\"><strong>linku.<\/strong><\/a><\/p>\n<div class=\"post-disclaimer\">\n<p><strong><em>Pratite nas na na\u0161oj <a href=\"https:\/\/www.facebook.com\/www.danas.rs\" target=\"_blank\" rel=\"noopener external noreferrer\" data-wpel-link=\"external\">Facebook<\/a> i <a href=\"https:\/\/www.instagram.com\/danas.rs\/?hl=en\" target=\"_blank\" rel=\"noopener external noreferrer\" data-wpel-link=\"external\">Instagram<\/a> stranici, ali i na <a href=\"https:\/\/twitter.com\/OnlineDanas\" target=\"_blank\" rel=\"noopener external noreferrer\" data-wpel-link=\"external\">Twitter<\/a> nalogu. Pretplatite se na <a href=\"https:\/\/klub.danas.rs\/\" target=\"_blank\" rel=\"noopener external noreferrer\" data-wpel-link=\"external\">PDF izdanje lista Danas<\/a>.<\/em><\/strong><\/p>\n<\/div>\n<\/div>\n<p><script async src=\"\/\/platform.twitter.com\/widgets.js\" charset=\"utf-8\"><\/script><script async defer src=\"https:\/\/platform.instagram.com\/en_US\/embeds.js\"><\/script><br \/>\n<br \/><a href=\"https:\/\/www.danas.rs\/vesti\/drustvo\/nakon-napada-na-penzionere-u-srpskom-itebeju-mi-smo-preplaseni-dolazila-je-te-noci-hitna-pomoc-i-policija\/\" target=\"_blank\" rel=\"noopener\">Source link <\/a><br \/>\n\nNakon napada na penzionere u Srpskom Itebeju: Mi smo prepla\u0161eni, dolazila je te no\u0107i hitna pomo\u0107 i policija &#8211; Dru\u0161tvo<\/p>\n","protected":false},"excerpt":{"rendered":"<p>Pripadnici Ministarstva unutra\u0161njih poslova, PU Zrenjanin,\u00a0 po nalogu OJT Zrenjanin identifikovali su i uhapsili \u010detvoricu mu\u0161karaca iz okoline \u017diti\u0161ta zbog&hellip;<\/p>\n","protected":false},"author":1,"featured_media":7498,"comment_status":"open","ping_status":"open","sticky":false,"template":"","format":"standard","meta":{"footnotes":""},"categories":[1],"tags":[],"class_list":["post-7497","post","type-post","status-publish","format-standard","has-post-thumbnail","hentry","category-oglasi-zitiste"],"_links":{"self":[{"href":"https:\/\/oglasi.infooglasi.rs\/oglasi\/oglasizitiste\/wp-json\/wp\/v2\/posts\/7497","targetHints":{"allow":["GET"]}}],"collection":[{"href":"https:\/\/oglasi.infooglasi.rs\/oglasi\/oglasizitiste\/wp-json\/wp\/v2\/posts"}],"about":[{"href":"https:\/\/oglasi.infooglasi.rs\/oglasi\/oglasizitiste\/wp-json\/wp\/v2\/types\/post"}],"author":[{"embeddable":true,"href":"https:\/\/oglasi.infooglasi.rs\/oglasi\/oglasizitiste\/wp-json\/wp\/v2\/users\/1"}],"replies":[{"embeddable":true,"href":"https:\/\/oglasi.infooglasi.rs\/oglasi\/oglasizitiste\/wp-json\/wp\/v2\/comments?post=7497"}],"version-history":[{"count":0,"href":"https:\/\/oglasi.infooglasi.rs\/oglasi\/oglasizitiste\/wp-json\/wp\/v2\/posts\/7497\/revisions"}],"wp:featuredmedia":[{"embeddable":true,"href":"https:\/\/oglasi.infooglasi.rs\/oglasi\/oglasizitiste\/wp-json\/wp\/v2\/media\/7498"}],"wp:attachment":[{"href":"https:\/\/oglasi.infooglasi.rs\/oglasi\/oglasizitiste\/wp-json\/wp\/v2\/media?parent=7497"}],"wp:term":[{"taxonomy":"category","embeddable":true,"href":"https:\/\/oglasi.infooglasi.rs\/oglasi\/oglasizitiste\/wp-json\/wp\/v2\/categories?post=7497"},{"taxonomy":"post_tag","embeddable":true,"href":"https:\/\/oglasi.infooglasi.rs\/oglasi\/oglasizitiste\/wp-json\/wp\/v2\/tags?post=7497"}],"curies":[{"name":"wp","href":"https:\/\/api.w.org\/{rel}","templated":true}]}}