{"id":7499,"date":"2023-11-05T09:09:23","date_gmt":"2023-11-05T08:09:23","guid":{"rendered":"https:\/\/oglasi.infooglasi.rs\/oglasi\/oglasizitiste\/njega-staklo-slusa-graver-iz-srpskog-itebeja-upecatljivo-oslikava-flase-drustvo-oglasi-zitiste\/"},"modified":"2023-11-05T09:09:23","modified_gmt":"2023-11-05T08:09:23","slug":"njega-staklo-slusa-graver-iz-srpskog-itebeja-upecatljivo-oslikava-flase-drustvo-oglasi-zitiste","status":"publish","type":"post","link":"https:\/\/oglasi.infooglasi.rs\/oglasi\/oglasizitiste\/njega-staklo-slusa-graver-iz-srpskog-itebeja-upecatljivo-oslikava-flase-drustvo-oglasi-zitiste\/","title":{"rendered":"Njega staklo slu\u0161a: Graver iz Srpskog Itebeja upe\u010datljivo oslikava fla\u0161e &#8211; Dru\u0161tvo &#8211; OGLASI \u017dITI\u0160TE"},"content":{"rendered":"<p><\/p>\n<div id=\"post-2794581\">\n<div class=\"article-post-featured-image\">\n<a href=\"https:\/\/www.danas.rs\/vesti\/drustvo\/lazic-promene-u-oblasti-pravosudja-samo-pocetak-procesa-koji-bi-trebalo-da-osamostali-tuzilastvo\/\" data-wpel-link=\"internal\" target=\"_blank\" rel=\"noopener\"><br \/>\n<img width=\"995\" height=\"560\" src=\"https:\/\/www.danas.rs\/wp-content\/uploads\/2019\/01\/radovan-lazi\u0107-medija-centar-scaled.jpg\" class=\"w-full show-on-desktop wp-post-image\" alt=\"Lazi\u0107: Promene u oblasti pravosu\u0111a samo po\u010detak procesa koji bi trebalo da osamostali tu\u017eila\u0161tvo 12\" decoding=\"async\" loading=\"lazy\" srcset=\"https:\/\/www.danas.rs\/wp-content\/uploads\/2019\/01\/radovan-lazi\u0107-medija-centar-scaled.jpg 2560w, https:\/\/www.danas.rs\/wp-content\/uploads\/2019\/01\/radovan-lazi\u0107-medija-centar-300x169.jpg 300w, https:\/\/www.danas.rs\/wp-content\/uploads\/2019\/01\/radovan-lazi\u0107-medija-centar-1024x576.jpg 1024w, https:\/\/www.danas.rs\/wp-content\/uploads\/2019\/01\/radovan-lazi\u0107-medija-centar-768x432.jpg 768w, https:\/\/www.danas.rs\/wp-content\/uploads\/2019\/01\/radovan-lazi\u0107-medija-centar-1536x864.jpg 1536w, https:\/\/www.danas.rs\/wp-content\/uploads\/2019\/01\/radovan-lazi\u0107-medija-centar-2048x1153.jpg 2048w, https:\/\/www.danas.rs\/wp-content\/uploads\/2019\/01\/radovan-lazi\u0107-medija-centar-1320x743.jpg 1320w\" sizes=\"auto, (max-width: 995px) 100vw, 995px\" title=\"Lazi\u0107: Promene u oblasti pravosu\u0111a samo po\u010detak procesa koji bi trebalo da osamostali tu\u017eila\u0161tvo 14\"\/> \t<\/a><\/div>\n<div class=\"article-post-content\">\n<div class=\"article-post-category\">\n<span class=\"primary-category\"><a href=\"https:\/\/www.danas.rs\/rubrika\/vesti\/drustvo\/\" data-wpel-link=\"internal\" target=\"_blank\" rel=\"noopener\">Dru\u0161tvo<\/a><span style=\"color: #868686;\"><strong> \u2022 <\/strong><\/span><\/span><span class=\"published\"><span class=\"special-date\">01.11.2023. <\/span><span class=\"special-time\">23:38<\/span><\/span><\/div>\n<h3 class=\"article-post-title\">\n<a href=\"https:\/\/www.danas.rs\/vesti\/drustvo\/lazic-promene-u-oblasti-pravosudja-samo-pocetak-procesa-koji-bi-trebalo-da-osamostali-tuzilastvo\/\" data-wpel-link=\"internal\" target=\"_blank\" rel=\"noopener\"><br \/>\nLazi\u0107: Promene u oblasti pravosu\u0111a samo po\u010detak procesa koji bi trebalo da osamostali tu\u017eila\u0161tvo <\/a><\/h3>\n<p>Predsednik Upravnog odbora Udru\u017eenja tu\u017eilaca Srbije Radovan Lazi\u0107 ocenio je danas da su ustavne i zakonodavne promene sprovedene u oblasti pravosu\u0111a samo po\u010detak procesa koji bi trebalo da dovede do osamostaljivanja tu\u017eila\u0161tva koje je &#8220;i dalje ma\u010d u rukama vlasti, svake vlasti&#8221;.<\/p>\n<\/div>\n<\/div>\n<p><a href=\"https:\/\/www.danas.rs\/vesti\/drustvo\/njega-staklo-slusa-graver-iz-srpskog-itebeja-upecatljivo-oslikava-flase\/\" target=\"_blank\" rel=\"noopener\">Source link <\/a><br \/>\n\nNjega staklo slu\u0161a: Graver iz Srpskog Itebeja upe\u010datljivo oslikava fla\u0161e &#8211; Dru\u0161tvo<\/p>\n","protected":false},"excerpt":{"rendered":"<p>Dru\u0161tvo \u2022 01.11.2023. 23:38 Lazi\u0107: Promene u oblasti pravosu\u0111a samo po\u010detak procesa koji bi trebalo da osamostali tu\u017eila\u0161tvo Predsednik Upravnog&hellip;<\/p>\n","protected":false},"author":1,"featured_media":7500,"comment_status":"open","ping_status":"open","sticky":false,"template":"","format":"standard","meta":{"footnotes":""},"categories":[1],"tags":[],"class_list":["post-7499","post","type-post","status-publish","format-standard","has-post-thumbnail","hentry","category-oglasi-zitiste"],"_links":{"self":[{"href":"https:\/\/oglasi.infooglasi.rs\/oglasi\/oglasizitiste\/wp-json\/wp\/v2\/posts\/7499","targetHints":{"allow":["GET"]}}],"collection":[{"href":"https:\/\/oglasi.infooglasi.rs\/oglasi\/oglasizitiste\/wp-json\/wp\/v2\/posts"}],"about":[{"href":"https:\/\/oglasi.infooglasi.rs\/oglasi\/oglasizitiste\/wp-json\/wp\/v2\/types\/post"}],"author":[{"embeddable":true,"href":"https:\/\/oglasi.infooglasi.rs\/oglasi\/oglasizitiste\/wp-json\/wp\/v2\/users\/1"}],"replies":[{"embeddable":true,"href":"https:\/\/oglasi.infooglasi.rs\/oglasi\/oglasizitiste\/wp-json\/wp\/v2\/comments?post=7499"}],"version-history":[{"count":0,"href":"https:\/\/oglasi.infooglasi.rs\/oglasi\/oglasizitiste\/wp-json\/wp\/v2\/posts\/7499\/revisions"}],"wp:featuredmedia":[{"embeddable":true,"href":"https:\/\/oglasi.infooglasi.rs\/oglasi\/oglasizitiste\/wp-json\/wp\/v2\/media\/7500"}],"wp:attachment":[{"href":"https:\/\/oglasi.infooglasi.rs\/oglasi\/oglasizitiste\/wp-json\/wp\/v2\/media?parent=7499"}],"wp:term":[{"taxonomy":"category","embeddable":true,"href":"https:\/\/oglasi.infooglasi.rs\/oglasi\/oglasizitiste\/wp-json\/wp\/v2\/categories?post=7499"},{"taxonomy":"post_tag","embeddable":true,"href":"https:\/\/oglasi.infooglasi.rs\/oglasi\/oglasizitiste\/wp-json\/wp\/v2\/tags?post=7499"}],"curies":[{"name":"wp","href":"https:\/\/api.w.org\/{rel}","templated":true}]}}