{"id":7515,"date":"2023-11-05T09:10:18","date_gmt":"2023-11-05T08:10:18","guid":{"rendered":"https:\/\/oglasi.infooglasi.rs\/oglasi\/oglasizitiste\/knjizevni-konkurs-banatsko-pero-predstavljen-zbornik-zrenjanin-oglasi-zitiste\/"},"modified":"2023-11-05T09:10:18","modified_gmt":"2023-11-05T08:10:18","slug":"knjizevni-konkurs-banatsko-pero-predstavljen-zbornik-zrenjanin-oglasi-zitiste","status":"publish","type":"post","link":"https:\/\/oglasi.infooglasi.rs\/oglasi\/oglasizitiste\/knjizevni-konkurs-banatsko-pero-predstavljen-zbornik-zrenjanin-oglasi-zitiste\/","title":{"rendered":"KNJI\u017dEVNI KONKURS \u201eBANATSKO PERO\u201c: Predstavljen zbornik \u2013 Zrenjanin &#8211; OGLASI \u017dITI\u0160TE"},"content":{"rendered":"<p><\/p>\n<div>\n<p class=\"western\" lang=\"sr-Latn-CS\"><span style=\"font-family: 'Times New Roman', serif\">Knji\u017eevnik Radivoj \u0160ajtinac predstavio je kolekciju pesni\u010dkih radova odabranih na ovogodi\u0161njem, tradicionalnom knji\u017eevnom konkursu koji raspisuju Biblioteka \u201eBranko Radi\u010devi\u0107\u201c i istoimeni Klub knjige iz \u017diti\u0161ta. Pored \u0160ajtinca, \u010dlanovi \u017eirija bili su Aleksandar Bjelogrli\u0107 (proza) i Dragutin Mini\u0107 Karlo (aforizam), a predgovor za publikacju \u201eListanje \u017eivota\u201c (kako je ovogodi\u0161nji zbornik nazvan), napisala je mr Milana Raji\u0107. <\/span><\/p>\n<p class=\"western\" lang=\"sr-Latn-CS\"><span style=\"font-family: 'Times New Roman', serif\">Na sve\u010danosti u velikoj sali \u017eiti\u0161tanske Biblioteke, zbornik je predstavljen \u010ditaocima u utorak, 18. oktobra. Odlomke iz radova \u010ditali su autori odabranih pripovedaka, pesama i aforizama, a dobrodo\u0161licu su svima po\u017eelela Vesna \u0106uk, direktorka Biblioteke \u201eBranko Radi\u010devi\u0107\u201c, i Velemir Gruba\u010dki, potpredsednik Kluba knjige. Sve\u010danost su uveli\u010dali \u010dlanovi tambura\u0161kog orkestra Osnovne \u0161kole \u201eSveti Sava\u201c pod upravom nastavnika Jove Babi\u0107a. <\/span><\/p>\n<p class=\"western\" lang=\"sr-Latn-CS\"><span style=\"font-family: 'Times New Roman', serif\">Me\u0111u odabranim radovima nalaze se pri\u010de Biljane Dimitrijevi\u0107 Martinov, Danijele Milosavljevi\u0107, Marije Vujovi\u0107, Jelene Kujund\u017ei\u0107 i Du\u0161ana Mili\u0107eva, pesme Neboj\u0161e Vukasa, Ljiljane Fijat, \u0110er\u0111a Lajbera, Radmile Stojanovi\u0107 i Biljane Gro\u0161in, te aforizmi Vitomira \u0106ur\u010dina, Milorada Bibina i Igora Kri\u0161ana. Doga\u0111aj je kamerom zabele\u017eio fotograf <strong>Tibor Arva<\/strong>.\u00a0<\/span><\/p>\n<p class=\"western\" lang=\"sr-Latn-CS\"><a href=\"https:\/\/listzrenjanin.com\/wp-content\/uploads\/2016\/10\/zitiste-3.jpeg\" target=\"_blank\" rel=\"noopener\"><img loading=\"lazy\" decoding=\"async\" class=\"aligncenter size-full wp-image-16372\" src=\"https:\/\/listzrenjanin.com\/wp-content\/uploads\/2016\/10\/zitiste-3.jpeg\" alt=\"zitiste-3\" width=\"1062\" height=\"848\" srcset=\"https:\/\/listzrenjanin.com\/wp-content\/uploads\/2016\/10\/zitiste-3.jpeg 1062w, https:\/\/listzrenjanin.com\/wp-content\/uploads\/2016\/10\/zitiste-3-300x240.jpeg 300w, https:\/\/listzrenjanin.com\/wp-content\/uploads\/2016\/10\/zitiste-3-1024x818.jpeg 1024w\" sizes=\"auto, (max-width: 1062px) 100vw, 1062px\"\/><\/a> <a href=\"https:\/\/listzrenjanin.com\/wp-content\/uploads\/2016\/10\/zitiste-4.jpeg\" target=\"_blank\" rel=\"noopener\"><img loading=\"lazy\" decoding=\"async\" class=\"aligncenter size-full wp-image-16373\" src=\"https:\/\/listzrenjanin.com\/wp-content\/uploads\/2016\/10\/zitiste-4.jpeg\" alt=\"zitiste-4\" width=\"1280\" height=\"672\" srcset=\"https:\/\/listzrenjanin.com\/wp-content\/uploads\/2016\/10\/zitiste-4.jpeg 1280w, https:\/\/listzrenjanin.com\/wp-content\/uploads\/2016\/10\/zitiste-4-300x158.jpeg 300w, https:\/\/listzrenjanin.com\/wp-content\/uploads\/2016\/10\/zitiste-4-1024x538.jpeg 1024w, https:\/\/listzrenjanin.com\/wp-content\/uploads\/2016\/10\/zitiste-4-390x205.jpeg 390w\" sizes=\"auto, (max-width: 1280px) 100vw, 1280px\"\/><\/a> <a href=\"https:\/\/listzrenjanin.com\/wp-content\/uploads\/2016\/10\/zitiste-5.jpeg\" target=\"_blank\" rel=\"noopener\"><img decoding=\"async\" loading=\"lazy\" class=\"aligncenter size-full wp-image-16374\" src=\"https:\/\/listzrenjanin.com\/wp-content\/uploads\/2016\/10\/zitiste-5.jpeg\" alt=\"zitiste-5\" width=\"1053\" height=\"848\" srcset=\"https:\/\/listzrenjanin.com\/wp-content\/uploads\/2016\/10\/zitiste-5.jpeg 1053w, https:\/\/listzrenjanin.com\/wp-content\/uploads\/2016\/10\/zitiste-5-300x242.jpeg 300w, https:\/\/listzrenjanin.com\/wp-content\/uploads\/2016\/10\/zitiste-5-1024x825.jpeg 1024w\" sizes=\"auto, (max-width: 1053px) 100vw, 1053px\"\/><\/a> <a href=\"https:\/\/listzrenjanin.com\/wp-content\/uploads\/2016\/10\/zitiste.jpeg\" target=\"_blank\" rel=\"noopener\"><img decoding=\"async\" loading=\"lazy\" class=\"aligncenter size-full wp-image-16375\" src=\"https:\/\/listzrenjanin.com\/wp-content\/uploads\/2016\/10\/zitiste.jpeg\" alt=\"zitiste\" width=\"1280\" height=\"709\" srcset=\"https:\/\/listzrenjanin.com\/wp-content\/uploads\/2016\/10\/zitiste.jpeg 1280w, https:\/\/listzrenjanin.com\/wp-content\/uploads\/2016\/10\/zitiste-300x166.jpeg 300w, https:\/\/listzrenjanin.com\/wp-content\/uploads\/2016\/10\/zitiste-1024x567.jpeg 1024w\" sizes=\"auto, (max-width: 1280px) 100vw, 1280px\"\/><\/a> <a href=\"https:\/\/listzrenjanin.com\/wp-content\/uploads\/2016\/10\/zitiste-2.jpeg\" target=\"_blank\" rel=\"noopener\"><img decoding=\"async\" loading=\"lazy\" class=\"aligncenter size-full wp-image-16376\" src=\"https:\/\/listzrenjanin.com\/wp-content\/uploads\/2016\/10\/zitiste-2.jpeg\" alt=\"zitiste-2\" width=\"1280\" height=\"848\" srcset=\"https:\/\/listzrenjanin.com\/wp-content\/uploads\/2016\/10\/zitiste-2.jpeg 1280w, https:\/\/listzrenjanin.com\/wp-content\/uploads\/2016\/10\/zitiste-2-300x199.jpeg 300w, https:\/\/listzrenjanin.com\/wp-content\/uploads\/2016\/10\/zitiste-2-1024x678.jpeg 1024w\" sizes=\"auto, (max-width: 1280px) 100vw, 1280px\"\/><\/a><\/p>\n<\/p><\/div>\n<p><a href=\"https:\/\/listzrenjanin.com\/knjizevni-konkurs-banatsko-pero-predstavljen-zbornik\/\" target=\"_blank\" rel=\"noopener\">Source link <\/a><br \/>\n\nKNJI\u017dEVNI KONKURS \u201eBANATSKO PERO\u201c: Predstavljen zbornik \u2013 Zrenjanin<\/p>\n","protected":false},"excerpt":{"rendered":"<p>Knji\u017eevnik Radivoj \u0160ajtinac predstavio je kolekciju pesni\u010dkih radova odabranih na ovogodi\u0161njem, tradicionalnom knji\u017eevnom konkursu koji raspisuju Biblioteka \u201eBranko Radi\u010devi\u0107\u201c i&hellip;<\/p>\n","protected":false},"author":1,"featured_media":7516,"comment_status":"open","ping_status":"open","sticky":false,"template":"","format":"standard","meta":{"footnotes":""},"categories":[1],"tags":[],"class_list":["post-7515","post","type-post","status-publish","format-standard","has-post-thumbnail","hentry","category-oglasi-zitiste"],"_links":{"self":[{"href":"https:\/\/oglasi.infooglasi.rs\/oglasi\/oglasizitiste\/wp-json\/wp\/v2\/posts\/7515","targetHints":{"allow":["GET"]}}],"collection":[{"href":"https:\/\/oglasi.infooglasi.rs\/oglasi\/oglasizitiste\/wp-json\/wp\/v2\/posts"}],"about":[{"href":"https:\/\/oglasi.infooglasi.rs\/oglasi\/oglasizitiste\/wp-json\/wp\/v2\/types\/post"}],"author":[{"embeddable":true,"href":"https:\/\/oglasi.infooglasi.rs\/oglasi\/oglasizitiste\/wp-json\/wp\/v2\/users\/1"}],"replies":[{"embeddable":true,"href":"https:\/\/oglasi.infooglasi.rs\/oglasi\/oglasizitiste\/wp-json\/wp\/v2\/comments?post=7515"}],"version-history":[{"count":0,"href":"https:\/\/oglasi.infooglasi.rs\/oglasi\/oglasizitiste\/wp-json\/wp\/v2\/posts\/7515\/revisions"}],"wp:featuredmedia":[{"embeddable":true,"href":"https:\/\/oglasi.infooglasi.rs\/oglasi\/oglasizitiste\/wp-json\/wp\/v2\/media\/7516"}],"wp:attachment":[{"href":"https:\/\/oglasi.infooglasi.rs\/oglasi\/oglasizitiste\/wp-json\/wp\/v2\/media?parent=7515"}],"wp:term":[{"taxonomy":"category","embeddable":true,"href":"https:\/\/oglasi.infooglasi.rs\/oglasi\/oglasizitiste\/wp-json\/wp\/v2\/categories?post=7515"},{"taxonomy":"post_tag","embeddable":true,"href":"https:\/\/oglasi.infooglasi.rs\/oglasi\/oglasizitiste\/wp-json\/wp\/v2\/tags?post=7515"}],"curies":[{"name":"wp","href":"https:\/\/api.w.org\/{rel}","templated":true}]}}