{"id":7621,"date":"2024-02-21T10:13:36","date_gmt":"2024-02-21T09:13:36","guid":{"rendered":"https:\/\/oglasi.infooglasi.rs\/oglasi\/oglasizitiste\/strajk-radnika-agroziva-agro-vesti-by-agronews-rs-oglasi-zitiste\/"},"modified":"2024-02-21T10:13:36","modified_gmt":"2024-02-21T09:13:36","slug":"strajk-radnika-agroziva-agro-vesti-by-agronews-rs-oglasi-zitiste","status":"publish","type":"post","link":"https:\/\/oglasi.infooglasi.rs\/oglasi\/oglasizitiste\/strajk-radnika-agroziva-agro-vesti-by-agronews-rs-oglasi-zitiste\/","title":{"rendered":"\u0160trajk radnika Agro\u017eiva \u2013 AGRO VESTI by agronews.rs &#8211; OGLASI \u017dITI\u0160TE"},"content":{"rendered":"<p><\/p>\n<div itemprop=\"articleBody\">\n<p>Radnici \u201cAgro\u017eiva\u201d u \u017diti\u0161u od jutros su u \u0161trajku i tra\u017ee isplatu zaostalih zarada. Strahuju za opstanak te firme u kojoj radi oko 1.100 ljudi.<\/p>\n<p>Predsednik \u0161trajka\u010dkog odbora Danko \u0160kundri\u0107 rekao je da je u \u0161trajku oko 250 radnika, uglavnom zaposlenih u pogonima \u201cAgro\u017eiva\u201d, ali da \u0161trajk nisu organizovali sindikati.<\/p>\n<p>\u201cImamo dva sindikata, ali radnici nisu bili zadovoljni njihovim radom. Sada su izabrani predstavnici radnika iz proizvodnje koji \u0107e nas zastupati. Ju\u010de nam je ponudjeno da dobijemo prvi deo decembarske plate, a da drugi deo \u010dekamo do 25. marta. Situacija je te\u0161ka, ljudi su du\u017eni i dr\u017eavi i bankama, pa i prvi deo plate ne bi imao nikakvog efekta\u201d, rekao je \u0160kundri\u0107.<\/p>\n<p>Po njegovim re\u010dima, iako su \u0161trajka\u010di okupljeni ispred kapije preduze\u0107a, proizvodnja se odvija jer su anga\u017eovani ljudi zaposleni na farmama \u201cAgro\u017eiva\u201d.<\/p>\n<p>\u0160kundri\u0107 je kazao da postoji velika bojazan za opstanak kompanije \u201cAgro\u017eiv\u201d jer se zbog ste\u010dajnog postupka prodaju farme.<\/p>\n<p>Na prodaju, zakazanu za 12. mart, ponu\u0111ena je firma \u201c\u017divinoplus\u201d koju \u010dine 12 farmi \u017eivine i pet inkubatorskih stanica, procenjenih na oko 10 miliona evra.<\/p>\n<p>\u201cImamo saznanja da je jedan od kupaca ve\u0107 uzeo tendersku dokumentaciju. Mi kao radnici ne mo\u017eemo na to da uti\u010demo, ali ne znamo da li je u interesu op\u0161tine ili dr\u017eave da dopusti tu prodaju. Ako se te farme prodaju, mi gubimo sirovinsku bazu, gubimo sve. Ako prodaje ne bude, mi \u0107emo \u017eiveti, ali ukoliko se ona desi, ne\u0107e biti ni nas\u201d, rekao je \u0160kundri\u0107.<\/p>\n<p>Op\u0161tinsko ve\u0107e \u017diti\u0161ta zatra\u017eilo je od premijera Srbije u ostavci Ivice Da\u010di\u0107a i predsednika Vlade Vojvodine Bojana Pajti\u0107a, kao i ministra za lokalni razvoj i lokalnu samoupravu Igora Mirovi\u0107a, nadle\u017enima u \u201cSrbijagasa\u201d, sindikalnih organizacija i Privrednog suda u Valjevu, da pomognu da se spasi \u201cAgro\u017eiv\u201d.<\/p>\n<p>Njima je predo\u010deno da se ve\u0107ina nepokretne imovine \u201c\u017divinoplusa\u201d nalazi se na teritoriji nerzvijene op\u0161tine \u017diti\u0161te u kojoj \u017eivi 700 od 1.100 radnika \u201cAgro\u017eiva\u201d.<\/p>\n<p>\u201cAgro\u017eiv\u201d je od 2008. u ste\u010daju, a od 2010. godine je vlasni\u0161tvu Srbijagasa. Pre toga je poslovao sa tridesetak povezanih i zavisnih dru\u0161tava u \u010dijem vlasnistvu su bili svi proizvodni kapaciteti.<\/p>\n<p><strong> Sud: Nema odlaganja prodaje<\/strong><\/p>\n<p>Privredni sud u Valjevu obavestio je danas Op\u0161tinsko ve\u0107e u \u017diti\u0161tu da ne postoji mogu\u0107nost da se odlo\u017ei prodaja ste\u010dajne imovine \u201c\u017divinoplusa\u201d iz Vladimirovaca.<\/p>\n<p>Kako je u dopisu Privrednog suda Valjevo navedeno, postupak ste\u010daja \u201cZzivinoplusa\u201d sprovodi se u skladu sa Zakonom o ste\u010daju, na osnovu kojeg je za 12. mart i zakazana prodaja ste\u010dajnog du\u017enika.<\/p>\n<p>Op\u0161tinsko ve\u0107e \u017diti\u0161ta je ranije od tog suda zatra\u017eilo da odlo\u017ei prodaju \u201c\u017divinoplusa\u201d, navode\u0107i da je ta firma va\u017ena za opstanak \u201cAgro\u017eiva\u201d.<\/p>\n<p>Zaposleni u \u017eiti\u0161tanskom \u201cAgro\u017eivu\u201d od jutros su u \u0161trajku i tra\u017ee isplatu zaostalih zarada. Oni strahuju za opstanak firme u kojoj radi oko 1.100 ljudi.<\/p>\n<p>Beta<\/p>\n<\/p><\/div>\n<p><a href=\"https:\/\/www.agronews.rs\/strajk-radnika-agroziva\/\" target=\"_blank\" rel=\"noopener\">Source link <\/a><br \/>\n\n\u0160trajk radnika Agro\u017eiva \u2013 AGRO VESTI by agronews.rs<\/p>\n","protected":false},"excerpt":{"rendered":"<p>Radnici \u201cAgro\u017eiva\u201d u \u017diti\u0161u od jutros su u \u0161trajku i tra\u017ee isplatu zaostalih zarada. Strahuju za opstanak te firme u&hellip;<\/p>\n","protected":false},"author":1,"featured_media":7622,"comment_status":"open","ping_status":"open","sticky":false,"template":"","format":"standard","meta":{"footnotes":""},"categories":[1],"tags":[],"class_list":["post-7621","post","type-post","status-publish","format-standard","has-post-thumbnail","hentry","category-oglasi-zitiste"],"_links":{"self":[{"href":"https:\/\/oglasi.infooglasi.rs\/oglasi\/oglasizitiste\/wp-json\/wp\/v2\/posts\/7621","targetHints":{"allow":["GET"]}}],"collection":[{"href":"https:\/\/oglasi.infooglasi.rs\/oglasi\/oglasizitiste\/wp-json\/wp\/v2\/posts"}],"about":[{"href":"https:\/\/oglasi.infooglasi.rs\/oglasi\/oglasizitiste\/wp-json\/wp\/v2\/types\/post"}],"author":[{"embeddable":true,"href":"https:\/\/oglasi.infooglasi.rs\/oglasi\/oglasizitiste\/wp-json\/wp\/v2\/users\/1"}],"replies":[{"embeddable":true,"href":"https:\/\/oglasi.infooglasi.rs\/oglasi\/oglasizitiste\/wp-json\/wp\/v2\/comments?post=7621"}],"version-history":[{"count":0,"href":"https:\/\/oglasi.infooglasi.rs\/oglasi\/oglasizitiste\/wp-json\/wp\/v2\/posts\/7621\/revisions"}],"wp:featuredmedia":[{"embeddable":true,"href":"https:\/\/oglasi.infooglasi.rs\/oglasi\/oglasizitiste\/wp-json\/wp\/v2\/media\/7622"}],"wp:attachment":[{"href":"https:\/\/oglasi.infooglasi.rs\/oglasi\/oglasizitiste\/wp-json\/wp\/v2\/media?parent=7621"}],"wp:term":[{"taxonomy":"category","embeddable":true,"href":"https:\/\/oglasi.infooglasi.rs\/oglasi\/oglasizitiste\/wp-json\/wp\/v2\/categories?post=7621"},{"taxonomy":"post_tag","embeddable":true,"href":"https:\/\/oglasi.infooglasi.rs\/oglasi\/oglasizitiste\/wp-json\/wp\/v2\/tags?post=7621"}],"curies":[{"name":"wp","href":"https:\/\/api.w.org\/{rel}","templated":true}]}}