{"id":7872,"date":"2025-01-02T02:22:30","date_gmt":"2025-01-02T01:22:30","guid":{"rendered":"https:\/\/oglasi.infooglasi.rs\/oglasi\/oglasizitiste\/prvi-radni-dan-u-vrticu-desanka-maksimovic-foto-oglasi-zitiste\/"},"modified":"2025-01-02T02:22:30","modified_gmt":"2025-01-02T01:22:30","slug":"prvi-radni-dan-u-vrticu-desanka-maksimovic-foto-oglasi-zitiste","status":"publish","type":"post","link":"https:\/\/oglasi.infooglasi.rs\/oglasi\/oglasizitiste\/prvi-radni-dan-u-vrticu-desanka-maksimovic-foto-oglasi-zitiste\/","title":{"rendered":"Prvi radni dan u vrti\u0107u &#8220;Desanka Maksimovi\u0107&#8221; (FOTO) &#8211; OGLASI \u017dITI\u0160TE"},"content":{"rendered":"<p><\/p>\n<div>\n\t\t\t\t\t\t\t\t<link rel=\"stylesheet\" id=\"tiny-slider-css\" href=\"https:\/\/ilovezrenjanin.com\/wp-content\/themes\/jnews\/assets\/js\/tiny-slider\/tiny-slider.css?ver=1.0.0\" type=\"text\/css\" media=\"all\"\/>\n<link rel=\"stylesheet\" id=\"jnews-global-slider-css\" href=\"https:\/\/ilovezrenjanin.com\/wp-content\/themes\/jnews\/assets\/css\/slider\/jnewsglobalslider.css?ver=1.0.0\" type=\"text\/css\" media=\"all\"\/>\n<link rel=\"stylesheet\" id=\"jnews-previewslider-css\" href=\"https:\/\/ilovezrenjanin.com\/wp-content\/plugins\/jnews-gallery\/assets\/css\/previewslider.css\" type=\"text\/css\" media=\"all\"\/>\n<link rel=\"stylesheet\" id=\"jnews-previewslider-responsive-css\" href=\"https:\/\/ilovezrenjanin.com\/wp-content\/plugins\/jnews-gallery\/assets\/css\/previewslider-responsive.css\" type=\"text\/css\" media=\"all\"\/>\n<p><!-- Either there are no banners, they are disabled or none qualified for this location! --><\/p>\n<p><strong>Prvi dani u vrti\u0107u su posebno emotivno iskustvo, kako za mali\u0161ane, tako i za njihove roditelje. Za dete, vrti\u0107 predstavlja novu sredinu, nove osobe i nove rutine. Za roditelje, to je trenutak kada shvate da njihova mala beba raste i postaje sve nezavisnija.<\/strong><\/p>\n<p><img loading=\"lazy\" decoding=\"async\" class=\"size-full wp-image-318936 aligncenter\" src=\"https:\/\/media.ilovezrenjanin.com\/2024\/09\/WhatsApp_Image_2024-09-03_at_0919323.jpg\" alt=\"WhatsApp Image 2024 09 03 at 0919323\" width=\"800\" height=\"600\" title=\"Prvi radni dan u vrti\u0107u &quot;Desanka Maksimovi\u0107&quot; (FOTO) 1\" srcset=\"https:\/\/media.ilovezrenjanin.com\/2024\/09\/WhatsApp_Image_2024-09-03_at_0919323.jpg 800w, https:\/\/media.ilovezrenjanin.com\/2024\/09\/WhatsApp_Image_2024-09-03_at_0919323-750x563.jpg 750w\" sizes=\"auto, (max-width: 800px) 100vw, 800px\"\/><\/p>\n<p>Prvi radni dan u svim vrti\u0107ima u sklopu PU ,,Desanka Maksimovi\u0107\u201d protekao je u prijatnoj atmosferi. Deca su imala priliku da kroz igru i druge raznolike aktivnosti izgradjuju smislene odnose sa vr\u0161njacima i odraslima u prostoru koji je inspirativan.<\/p>\n<p>Pogledajte na fotografijama kako mali\u0161ani do\u010dekani u vrti\u0107ima u op\u0161tini \u017diti\u0161te.<\/p>\n<div class=\"g g-27\">\n<div class=\"g-single a-110\"><a href=\"https:\/\/persu.rs\/dtl-persu-rasprodaja-popusti-i-do-50\/\" target=\"_blank\" rel=\"noopener\"><img decoding=\"async\" src=\"https:\/\/ilovezrenjanin.com\/wp-content\/banners\/intext\/468x60-px-RASPRODAJA.webp\" alt=\"PerSu marketi\" width=\"600px\"\/><\/a><\/div>\n<\/div>\n<p>Izvor\/Foto: zitisteonline.com<\/p>\n<\/p><\/div>\n<p><script>\n!function(f,b,e,v,n,t,s)\n{if(f.fbq)return;n=f.fbq=function(){n.callMethod?\nn.callMethod.apply(n,arguments):n.queue.push(arguments)};\nif(!f._fbq)f._fbq=n;n.push=n;n.loaded=!0;n.version='2.0';\nn.queue=[];t=b.createElement(e);t.async=!0;\nt.src=v;s=b.getElementsByTagName(e)[0];\ns.parentNode.insertBefore(t,s)}(window, document,'script',\n'https:\/\/connect.facebook.net\/en_US\/fbevents.js');\nfbq('init', '1976833772598392');\nfbq('track', 'PageView');\n<\/script><br \/>\n<br \/><a href=\"https:\/\/ilovezrenjanin.com\/vesti-zrenjanin\/prvi-radni-dan-u-vrticu-desanka-maksimovic-foto\/\" target=\"_blank\" rel=\"noopener\">Source link <\/a><br \/>\n\nPrvi radni dan u vrti\u0107u &#8220;Desanka Maksimovi\u0107&#8221; (FOTO)<\/p>\n","protected":false},"excerpt":{"rendered":"<p>Prvi dani u vrti\u0107u su posebno emotivno iskustvo, kako za mali\u0161ane, tako i za njihove roditelje. Za dete, vrti\u0107 predstavlja&hellip;<\/p>\n","protected":false},"author":1,"featured_media":7873,"comment_status":"open","ping_status":"open","sticky":false,"template":"","format":"standard","meta":{"footnotes":""},"categories":[1],"tags":[],"class_list":["post-7872","post","type-post","status-publish","format-standard","has-post-thumbnail","hentry","category-oglasi-zitiste"],"_links":{"self":[{"href":"https:\/\/oglasi.infooglasi.rs\/oglasi\/oglasizitiste\/wp-json\/wp\/v2\/posts\/7872","targetHints":{"allow":["GET"]}}],"collection":[{"href":"https:\/\/oglasi.infooglasi.rs\/oglasi\/oglasizitiste\/wp-json\/wp\/v2\/posts"}],"about":[{"href":"https:\/\/oglasi.infooglasi.rs\/oglasi\/oglasizitiste\/wp-json\/wp\/v2\/types\/post"}],"author":[{"embeddable":true,"href":"https:\/\/oglasi.infooglasi.rs\/oglasi\/oglasizitiste\/wp-json\/wp\/v2\/users\/1"}],"replies":[{"embeddable":true,"href":"https:\/\/oglasi.infooglasi.rs\/oglasi\/oglasizitiste\/wp-json\/wp\/v2\/comments?post=7872"}],"version-history":[{"count":0,"href":"https:\/\/oglasi.infooglasi.rs\/oglasi\/oglasizitiste\/wp-json\/wp\/v2\/posts\/7872\/revisions"}],"wp:featuredmedia":[{"embeddable":true,"href":"https:\/\/oglasi.infooglasi.rs\/oglasi\/oglasizitiste\/wp-json\/wp\/v2\/media\/7873"}],"wp:attachment":[{"href":"https:\/\/oglasi.infooglasi.rs\/oglasi\/oglasizitiste\/wp-json\/wp\/v2\/media?parent=7872"}],"wp:term":[{"taxonomy":"category","embeddable":true,"href":"https:\/\/oglasi.infooglasi.rs\/oglasi\/oglasizitiste\/wp-json\/wp\/v2\/categories?post=7872"},{"taxonomy":"post_tag","embeddable":true,"href":"https:\/\/oglasi.infooglasi.rs\/oglasi\/oglasizitiste\/wp-json\/wp\/v2\/tags?post=7872"}],"curies":[{"name":"wp","href":"https:\/\/api.w.org\/{rel}","templated":true}]}}