{"id":7902,"date":"2025-03-03T21:58:36","date_gmt":"2025-03-03T20:58:36","guid":{"rendered":"https:\/\/oglasi.infooglasi.rs\/oglasi\/oglasizitiste\/treca-radna-akcija-na-obali-begeja-oglasi-zitiste\/"},"modified":"2025-03-03T21:58:36","modified_gmt":"2025-03-03T20:58:36","slug":"treca-radna-akcija-na-obali-begeja-oglasi-zitiste","status":"publish","type":"post","link":"https:\/\/oglasi.infooglasi.rs\/oglasi\/oglasizitiste\/treca-radna-akcija-na-obali-begeja-oglasi-zitiste\/","title":{"rendered":"Tre\u0107a radna akcija na obali Begeja &#8211; OGLASI \u017dITI\u0160TE"},"content":{"rendered":"<p><\/p>\n<div>\n\t\t\t\t\t\t\t\t<!-- Either there are no banners, they are disabled or none qualified for this location! --><\/p>\n<p><strong>Me\u0161tani \u017diti\u0161ta na obali Begeja u subotu 22. februara organizovali su tre\u0107u radnu akciju na ure\u0111enju kupali\u0161ta u \u017diti\u0161tu. U ovoj radnoj akciji odra\u0111eno je betoniranje prilaza ka vodi kao i radovi na postavljanju druge skakaonice.<\/strong><\/p>\n<p><img loading=\"lazy\" decoding=\"async\" class=\"size-full wp-image-332009 aligncenter\" src=\"https:\/\/media.ilovezrenjanin.com\/2025\/02\/C52A9871.jpg\" alt=\"C52A9871\" width=\"800\" height=\"533\" title=\"Tre\u0107a radna akcija na obali Begeja 1\" srcset=\"https:\/\/media.ilovezrenjanin.com\/2025\/02\/C52A9871.jpg 800w, https:\/\/media.ilovezrenjanin.com\/2025\/02\/C52A9871-750x500.jpg 750w\" sizes=\"auto, (max-width: 800px) 100vw, 800px\"\/><\/p>\n<p>Nastavljamo sa radnim akcijama i u budu\u0107em periodu kako bi dobili \u0161to lep\u0161e i ure\u0111enije kupali\u0161te \u2013 ka\u017eu me\u0161tani \u017diti\u0161ta.<\/p>\n<p>Izvor\/Foto: zitisteonline.com<\/p>\n<div class=\"g g-27\">\n<div class=\"g-single a-110\"><a href=\"https:\/\/shop.persu.rs\/poruci-pokupi\/\" target=\"_blank\" rel=\"noopener\"><img decoding=\"async\" src=\"https:\/\/ilovezrenjanin.com\/wp-content\/banners\/intext\/I-love-ZR-460x60-px-PiP (1).jpg\" alt=\"PerSu marketi\" width=\"600px\"\/><\/a><\/div>\n<\/div>\n<p><img loading=\"lazy\" decoding=\"async\" class=\"size-full wp-image-332008 aligncenter\" src=\"https:\/\/media.ilovezrenjanin.com\/2025\/02\/C52A9866.jpg\" alt=\"C52A9866\" width=\"800\" height=\"533\" title=\"Tre\u0107a radna akcija na obali Begeja 2\" srcset=\"https:\/\/media.ilovezrenjanin.com\/2025\/02\/C52A9866.jpg 800w, https:\/\/media.ilovezrenjanin.com\/2025\/02\/C52A9866-750x500.jpg 750w\" sizes=\"auto, (max-width: 800px) 100vw, 800px\"\/> <img loading=\"lazy\" decoding=\"async\" class=\"size-medium wp-image-332007 aligncenter\" src=\"https:\/\/media.ilovezrenjanin.com\/2025\/02\/C52A9862.jpg\" alt=\"C52A9862\" width=\"800\" height=\"533\" title=\"Tre\u0107a radna akcija na obali Begeja 3\" srcset=\"https:\/\/media.ilovezrenjanin.com\/2025\/02\/C52A9862.jpg 800w, https:\/\/media.ilovezrenjanin.com\/2025\/02\/C52A9862-750x500.jpg 750w\" sizes=\"auto, (max-width: 800px) 100vw, 800px\"\/> <img loading=\"lazy\" decoding=\"async\" class=\"size-full wp-image-332006 aligncenter\" src=\"https:\/\/media.ilovezrenjanin.com\/2025\/02\/C52A9855.jpg\" alt=\"C52A9855\" width=\"800\" height=\"533\" title=\"Tre\u0107a radna akcija na obali Begeja 4\" srcset=\"https:\/\/media.ilovezrenjanin.com\/2025\/02\/C52A9855.jpg 800w, https:\/\/media.ilovezrenjanin.com\/2025\/02\/C52A9855-750x500.jpg 750w\" sizes=\"auto, (max-width: 800px) 100vw, 800px\"\/><\/p>\n<\/p><\/div>\n<p><script>\n!function(f,b,e,v,n,t,s)\n{if(f.fbq)return;n=f.fbq=function(){n.callMethod?\nn.callMethod.apply(n,arguments):n.queue.push(arguments)};\nif(!f._fbq)f._fbq=n;n.push=n;n.loaded=!0;n.version='2.0';\nn.queue=[];t=b.createElement(e);t.async=!0;\nt.src=v;s=b.getElementsByTagName(e)[0];\ns.parentNode.insertBefore(t,s)}(window, document,'script',\n'https:\/\/connect.facebook.net\/en_US\/fbevents.js');\nfbq('init', '1976833772598392');\nfbq('track', 'PageView');\n<\/script><br \/>\n<br \/><a href=\"https:\/\/ilovezrenjanin.com\/vesti-zrenjanin\/treca-radna-akcija-na-obali-begeja\/\" target=\"_blank\" rel=\"noopener\">Source link <\/a><br \/>\n\nTre\u0107a radna akcija na obali Begeja<\/p>\n","protected":false},"excerpt":{"rendered":"<p>Me\u0161tani \u017diti\u0161ta na obali Begeja u subotu 22. februara organizovali su tre\u0107u radnu akciju na ure\u0111enju kupali\u0161ta u \u017diti\u0161tu. U&hellip;<\/p>\n","protected":false},"author":1,"featured_media":7903,"comment_status":"open","ping_status":"open","sticky":false,"template":"","format":"standard","meta":{"footnotes":""},"categories":[1],"tags":[],"class_list":["post-7902","post","type-post","status-publish","format-standard","has-post-thumbnail","hentry","category-oglasi-zitiste"],"_links":{"self":[{"href":"https:\/\/oglasi.infooglasi.rs\/oglasi\/oglasizitiste\/wp-json\/wp\/v2\/posts\/7902","targetHints":{"allow":["GET"]}}],"collection":[{"href":"https:\/\/oglasi.infooglasi.rs\/oglasi\/oglasizitiste\/wp-json\/wp\/v2\/posts"}],"about":[{"href":"https:\/\/oglasi.infooglasi.rs\/oglasi\/oglasizitiste\/wp-json\/wp\/v2\/types\/post"}],"author":[{"embeddable":true,"href":"https:\/\/oglasi.infooglasi.rs\/oglasi\/oglasizitiste\/wp-json\/wp\/v2\/users\/1"}],"replies":[{"embeddable":true,"href":"https:\/\/oglasi.infooglasi.rs\/oglasi\/oglasizitiste\/wp-json\/wp\/v2\/comments?post=7902"}],"version-history":[{"count":0,"href":"https:\/\/oglasi.infooglasi.rs\/oglasi\/oglasizitiste\/wp-json\/wp\/v2\/posts\/7902\/revisions"}],"wp:featuredmedia":[{"embeddable":true,"href":"https:\/\/oglasi.infooglasi.rs\/oglasi\/oglasizitiste\/wp-json\/wp\/v2\/media\/7903"}],"wp:attachment":[{"href":"https:\/\/oglasi.infooglasi.rs\/oglasi\/oglasizitiste\/wp-json\/wp\/v2\/media?parent=7902"}],"wp:term":[{"taxonomy":"category","embeddable":true,"href":"https:\/\/oglasi.infooglasi.rs\/oglasi\/oglasizitiste\/wp-json\/wp\/v2\/categories?post=7902"},{"taxonomy":"post_tag","embeddable":true,"href":"https:\/\/oglasi.infooglasi.rs\/oglasi\/oglasizitiste\/wp-json\/wp\/v2\/tags?post=7902"}],"curies":[{"name":"wp","href":"https:\/\/api.w.org\/{rel}","templated":true}]}}