{"id":7932,"date":"2025-05-19T01:29:20","date_gmt":"2025-05-18T23:29:20","guid":{"rendered":"https:\/\/oglasi.infooglasi.rs\/oglasi\/oglasizitiste\/uskrsnje-farbanje-jaja-u-zitistu-oglasi-zitiste-2\/"},"modified":"2025-05-19T01:29:20","modified_gmt":"2025-05-18T23:29:20","slug":"uskrsnje-farbanje-jaja-u-zitistu-oglasi-zitiste-2","status":"publish","type":"post","link":"https:\/\/oglasi.infooglasi.rs\/oglasi\/oglasizitiste\/uskrsnje-farbanje-jaja-u-zitistu-oglasi-zitiste-2\/","title":{"rendered":"Uskr\u0161nje farbanje jaja u \u017diti\u0161tu &#8211; OGLASI \u017dITI\u0160TE"},"content":{"rendered":"<p><\/p>\n<div>\n\t\t\t\t\t\t\t\t<!-- Either there are no banners, they are disabled or none qualified for this location! --><\/p>\n<p><strong>Jedan od najlep\u0161ih i najradosnijih srpskih obi\u010daja, koji se nije iskorenio, jeste farbanje jaja za Vaskrs.<\/strong><\/p>\n<p><img loading=\"lazy\" decoding=\"async\" class=\"size-medium wp-image-336201 aligncenter\" src=\"https:\/\/media.ilovezrenjanin.com\/2025\/04\/492493631_692539919977770_6053963286737306654_n2-800x531.jpg\" alt=\"492493631 692539919977770 6053963286737306654 n2\" width=\"800\" height=\"531\" title=\"Uskr\u0161nje farbanje jaja u \u017diti\u0161tu 1\" srcset=\"https:\/\/media.ilovezrenjanin.com\/2025\/04\/492493631_692539919977770_6053963286737306654_n2-800x531.jpg 800w, https:\/\/media.ilovezrenjanin.com\/2025\/04\/492493631_692539919977770_6053963286737306654_n2-1024x680.jpg 1024w, https:\/\/media.ilovezrenjanin.com\/2025\/04\/492493631_692539919977770_6053963286737306654_n2-1536x1020.jpg 1536w, https:\/\/media.ilovezrenjanin.com\/2025\/04\/492493631_692539919977770_6053963286737306654_n2-750x498.jpg 750w, https:\/\/media.ilovezrenjanin.com\/2025\/04\/492493631_692539919977770_6053963286737306654_n2-1140x757.jpg 1140w, https:\/\/media.ilovezrenjanin.com\/2025\/04\/492493631_692539919977770_6053963286737306654_n2.jpg 1587w\" sizes=\"auto, (max-width: 800px) 100vw, 800px\"\/><\/p>\n<p>U petak 18. aprila u organizaciji Srpske pravnoslavne crkvene op\u0161tine \u017diti\u0161te u hramu Svetog Georgija organizovano je farbanje jaja na kojoj su se najmla\u0111i \u017diti\u0161tanii takmi\u010dili za najbolje ukra\u0161eno jaje.<\/p>\n<p><img loading=\"lazy\" decoding=\"async\" class=\"size-medium wp-image-336198 aligncenter\" src=\"https:\/\/media.ilovezrenjanin.com\/2025\/04\/491571904_692540106644418_962554991171384767_n1-723x600.jpg\" alt=\"491571904 692540106644418 962554991171384767 n1\" width=\"723\" height=\"600\" title=\"Uskr\u0161nje farbanje jaja u \u017diti\u0161tu 2\" srcset=\"https:\/\/media.ilovezrenjanin.com\/2025\/04\/491571904_692540106644418_962554991171384767_n1-723x600.jpg 723w, https:\/\/media.ilovezrenjanin.com\/2025\/04\/491571904_692540106644418_962554991171384767_n1-1024x849.jpg 1024w, https:\/\/media.ilovezrenjanin.com\/2025\/04\/491571904_692540106644418_962554991171384767_n1-750x622.jpg 750w, https:\/\/media.ilovezrenjanin.com\/2025\/04\/491571904_692540106644418_962554991171384767_n1-1140x945.jpg 1140w, https:\/\/media.ilovezrenjanin.com\/2025\/04\/491571904_692540106644418_962554991171384767_n1.jpg 1535w\" sizes=\"auto, (max-width: 723px) 100vw, 723px\"\/><\/p>\n<div class=\"g g-27\">\n<div class=\"g-single a-110\"><a href=\"https:\/\/shop.persu.rs\/poruci-pokupi\/\" target=\"_blank\" rel=\"noopener\"><img decoding=\"async\" src=\"https:\/\/ilovezrenjanin.com\/wp-content\/banners\/intext\/I-love-ZR-460x60-px-PiP (1).jpg\" alt=\"PerSu marketi\" width=\"600px\"\/><\/a><\/div>\n<\/div>\n<p>Za tri najlep\u0161a ukra\u0161ena jajeta deci su podeljenje simboli\u010dne nagrade. Srpska pravostavna crkvena op\u0161tina \u017diti\u0161te se zahvaljuje svim u\u010desnicima.<\/p>\n<p><img loading=\"lazy\" decoding=\"async\" class=\"aligncenter wp-image-336199\" src=\"https:\/\/media.ilovezrenjanin.com\/2025\/04\/491742341_692540183311077_8178704273661011154_n1-663x600.jpg\" alt=\"491742341 692540183311077 8178704273661011154 n1\" width=\"800\" height=\"724\" title=\"Uskr\u0161nje farbanje jaja u \u017diti\u0161tu 3\" srcset=\"https:\/\/media.ilovezrenjanin.com\/2025\/04\/491742341_692540183311077_8178704273661011154_n1-663x600.jpg 663w, https:\/\/media.ilovezrenjanin.com\/2025\/04\/491742341_692540183311077_8178704273661011154_n1-1024x927.jpg 1024w, https:\/\/media.ilovezrenjanin.com\/2025\/04\/491742341_692540183311077_8178704273661011154_n1-750x679.jpg 750w, https:\/\/media.ilovezrenjanin.com\/2025\/04\/491742341_692540183311077_8178704273661011154_n1-1140x1032.jpg 1140w, https:\/\/media.ilovezrenjanin.com\/2025\/04\/491742341_692540183311077_8178704273661011154_n1.jpg 1536w\" sizes=\"auto, (max-width: 800px) 100vw, 800px\"\/><\/p>\n<p>Uskr\u0161nje farbanje jaja u \u017diti\u0161tu se organizuje po \u010detvrti put.<\/p>\n<p>Izvor\/Foto: zitisteonline.com<\/p>\n<p><img loading=\"lazy\" decoding=\"async\" class=\"aligncenter wp-image-336200\" src=\"https:\/\/media.ilovezrenjanin.com\/2025\/04\/491952511_692540169977745_5610854489178304173_n1-723x600.jpg\" alt=\"491952511 692540169977745 5610854489178304173 n1\" width=\"800\" height=\"663\" title=\"Uskr\u0161nje farbanje jaja u \u017diti\u0161tu 4\" srcset=\"https:\/\/media.ilovezrenjanin.com\/2025\/04\/491952511_692540169977745_5610854489178304173_n1-723x600.jpg 723w, https:\/\/media.ilovezrenjanin.com\/2025\/04\/491952511_692540169977745_5610854489178304173_n1-1024x849.jpg 1024w, https:\/\/media.ilovezrenjanin.com\/2025\/04\/491952511_692540169977745_5610854489178304173_n1-750x622.jpg 750w, https:\/\/media.ilovezrenjanin.com\/2025\/04\/491952511_692540169977745_5610854489178304173_n1-1140x945.jpg 1140w, https:\/\/media.ilovezrenjanin.com\/2025\/04\/491952511_692540169977745_5610854489178304173_n1.jpg 1535w\" sizes=\"auto, (max-width: 800px) 100vw, 800px\"\/><\/p>\n<\/p><\/div>\n<p><script>\n!function(f,b,e,v,n,t,s)\n{if(f.fbq)return;n=f.fbq=function(){n.callMethod?\nn.callMethod.apply(n,arguments):n.queue.push(arguments)};\nif(!f._fbq)f._fbq=n;n.push=n;n.loaded=!0;n.version='2.0';\nn.queue=[];t=b.createElement(e);t.async=!0;\nt.src=v;s=b.getElementsByTagName(e)[0];\ns.parentNode.insertBefore(t,s)}(window, document,'script',\n'https:\/\/connect.facebook.net\/en_US\/fbevents.js');\nfbq('init', '1976833772598392');\nfbq('track', 'PageView');\n<\/script><br \/>\n<br \/><a href=\"https:\/\/ilovezrenjanin.com\/vesti-zrenjanin\/uskrsnje-farbanje-jaja-u-zitistu-3\/\" target=\"_blank\" rel=\"noopener\">Source link <\/a><br \/>\n\nUskr\u0161nje farbanje jaja u \u017diti\u0161tu<\/p>\n","protected":false},"excerpt":{"rendered":"<p>Jedan od najlep\u0161ih i najradosnijih srpskih obi\u010daja, koji se nije iskorenio, jeste farbanje jaja za Vaskrs. U petak 18. aprila&hellip;<\/p>\n","protected":false},"author":1,"featured_media":7933,"comment_status":"open","ping_status":"open","sticky":false,"template":"","format":"standard","meta":{"footnotes":""},"categories":[1],"tags":[],"class_list":["post-7932","post","type-post","status-publish","format-standard","has-post-thumbnail","hentry","category-oglasi-zitiste"],"_links":{"self":[{"href":"https:\/\/oglasi.infooglasi.rs\/oglasi\/oglasizitiste\/wp-json\/wp\/v2\/posts\/7932","targetHints":{"allow":["GET"]}}],"collection":[{"href":"https:\/\/oglasi.infooglasi.rs\/oglasi\/oglasizitiste\/wp-json\/wp\/v2\/posts"}],"about":[{"href":"https:\/\/oglasi.infooglasi.rs\/oglasi\/oglasizitiste\/wp-json\/wp\/v2\/types\/post"}],"author":[{"embeddable":true,"href":"https:\/\/oglasi.infooglasi.rs\/oglasi\/oglasizitiste\/wp-json\/wp\/v2\/users\/1"}],"replies":[{"embeddable":true,"href":"https:\/\/oglasi.infooglasi.rs\/oglasi\/oglasizitiste\/wp-json\/wp\/v2\/comments?post=7932"}],"version-history":[{"count":0,"href":"https:\/\/oglasi.infooglasi.rs\/oglasi\/oglasizitiste\/wp-json\/wp\/v2\/posts\/7932\/revisions"}],"wp:featuredmedia":[{"embeddable":true,"href":"https:\/\/oglasi.infooglasi.rs\/oglasi\/oglasizitiste\/wp-json\/wp\/v2\/media\/7933"}],"wp:attachment":[{"href":"https:\/\/oglasi.infooglasi.rs\/oglasi\/oglasizitiste\/wp-json\/wp\/v2\/media?parent=7932"}],"wp:term":[{"taxonomy":"category","embeddable":true,"href":"https:\/\/oglasi.infooglasi.rs\/oglasi\/oglasizitiste\/wp-json\/wp\/v2\/categories?post=7932"},{"taxonomy":"post_tag","embeddable":true,"href":"https:\/\/oglasi.infooglasi.rs\/oglasi\/oglasizitiste\/wp-json\/wp\/v2\/tags?post=7932"}],"curies":[{"name":"wp","href":"https:\/\/api.w.org\/{rel}","templated":true}]}}