{"id":7946,"date":"2025-06-22T18:28:50","date_gmt":"2025-06-22T16:28:50","guid":{"rendered":"https:\/\/oglasi.infooglasi.rs\/oglasi\/oglasizitiste\/emina-jahovic-konacno-otkrila-istinu-zasto-je-ostavila-mustafu-hvala-bogu-sto-sam-se-razvela-oglasi-zitiste\/"},"modified":"2025-06-22T18:28:50","modified_gmt":"2025-06-22T16:28:50","slug":"emina-jahovic-konacno-otkrila-istinu-zasto-je-ostavila-mustafu-hvala-bogu-sto-sam-se-razvela-oglasi-zitiste","status":"publish","type":"post","link":"https:\/\/oglasi.infooglasi.rs\/oglasi\/oglasizitiste\/emina-jahovic-konacno-otkrila-istinu-zasto-je-ostavila-mustafu-hvala-bogu-sto-sam-se-razvela-oglasi-zitiste\/","title":{"rendered":"Emina Jahovi\u0107 kona\u010dno otkrila istinu za\u0161to je ostavila Mustafu: &#8220;Hvala Bogu \u0161to sam se razvela&#8221; &#8211; OGLASI \u017dITI\u0160TE"},"content":{"rendered":"<p><img decoding=\"async\" src=\"https:\/\/www.sd.rs\/sites\/default\/files\/styles\/category_lists_desktop_retina\/public\/a\/t\/2024\/01\/03\/emina_cover.jpg\" \/><\/p>\n<div>\n<p><strong>Godinama je \u0107utala, a sada je kona\u010dno progovorila. Peva\u010dica je otvorila du\u0161u i prvi put javno ispri\u010dala pravu istinu o razvodu od biv\u0161eg supruga. Bez ulep\u0161avanja, priznala je da nikada nije za\u017ealila \u0161to je okon\u010dala tu pri\u010du. <\/strong><\/p>\n<\/p><\/div>\n<div>\n<p>Peva\u010dica <a href=\"https:\/\/www.sd.rs\/pretraga\/EMINA%20JAHOVI%C4%86\" target=\"_blank\" rel=\"noopener\">Emina Jahovi\u0107 <\/a>bila je gost u emisiji &#8220;Scena specijal&#8221;, gde je iskreno govorila o svom novom albumu, \u017eivotu u Turskoj, maj\u010dinstvu, ali i o jednoj od najte\u017eih, ali klju\u010dnih odluka u svom \u017eivotu, razvodu od turskog peva\u010da Mustafe Sandala, sa kojim ima dvoje dece.\u00a0\n<\/p>\n<p>Nakon sedam godina ti\u0161ine, Emina je po prvi put javno otkrila \u0161ta je zapravo dovelo do kraja njihovog braka.\u00a0<\/p>\n<aside data-entity-type=\"node\" data-entity-uuid=\"e133bbc4-28a6-47c9-ba9f-1045ce6c5072\" data-embed-button=\"node\" data-entity-embed-display=\"view_mode:node.embed\" data-langcode=\"sr-Latn\" data-entity-embed-display-settings=\"[]\" class=\"embedded-entity\">\n<div class=\"node node--article node--teaser node--embed node--not-live node--live-finished node--share\" data-nid=\"3609652\" data-url=\"https:\/\/www.sd.rs\/vip\/vip\/nije-mu-lako-idem-da-ga-vidim-popovicev-kum-hitno-doputovao-u-srbiju-zbog-zike-jaksica-cira-emotivno-slomljem-vise-nista-nije-isto-bez-sase-2025-06-22\">\n<div class=\"node__content\">\n<h3 class=\"field field--title\">\n              <a href=\"https:\/\/www.sd.rs\/vip\/vip\/nije-mu-lako-idem-da-ga-vidim-popovicev-kum-hitno-doputovao-u-srbiju-zbog-zike-jaksica-cira-emotivno-slomljem-vise-nista-nije-isto-bez-sase-2025-06-22\" class=\"link\" target=\"_blank\" rel=\"noopener\">&#8220;Nije mu lako, idem da ga vidim&#8221; Popovi\u0107ev kum hitno doputovao u Srbiju zbog \u017dike Jak\u0161i\u0107a &#8211; \u0106ira emotivno slomljem: &#8220;Vi\u0161e ni\u0161ta nije isto bez Sa\u0161e&#8221;<\/a><br \/>\n          <\/h3>\n<p>\n      <span class=\"date\">22.06.2025.<\/span><br \/>\n      <span class=\"time time--created\">17:50<\/span>\n    <\/p>\n<\/p><\/div>\n<\/div>\n<\/aside>\n<p>&#8211; Nikada se nisam pokajala \u0161to sam se razvela i hvala Bogu da je tako bilo. Savetujem \u017eenama da dobro razmisle, pogotovo kada su deca u pitanju, jer mo\u017eda bi \u017eeleli da se razvedu iz nekih glupih razloga \u2013 rekla je Emina.\u00a0<\/p>\n<p>Na pitanje da li su razlozi njenog razvoda bili &#8220;glupi&#8221;, peva\u010dica je iskreno odgovorila:\u00a0<\/p>\n<p>&#8211; Moj razvod nije bio glup, ali nije bio ni neki nenormalan razlog. Niko nikog nije prevario ili sli\u010dno, jednostavno su se stvari ugasile. Imala sam 35 godina, da sa 35 godina pristane\u0161 da \u017eivi\u0161 u braku koji nema tu strast i tu snagu&#8230; Nije samo do strasti. Najmanje govorim o fizi\u010dkoj strasti, da se oboje trude na isti na\u010din, da su oboje kompatibilni u svemu Kod nas se to nekako poremetilo. I pre nego \u0161to sam se razvela, to je krenulo tri godine pre toga &#8211; otkrila je peva\u010dica u emisiji &#8220;Scena specijal&#8221;.\u00a0\n<\/p>\n<p>Osvrnula se i na svoje vi\u0111enje mu\u0161karaca nakon \u0161to je ostala sama sa decom, nagla\u0161avaju\u0107i koliko je te\u0161ko biti mu\u0161karac u dana\u0161njem svetu.\u00a0<\/p>\n<aside data-entity-type=\"node\" data-entity-uuid=\"e7850c2f-208c-4586-9f6e-066e8c4e293f\" data-embed-button=\"node\" data-entity-embed-display=\"view_mode:node.embed\" data-langcode=\"sr-Latn\" data-entity-embed-display-settings=\"[]\" class=\"embedded-entity\">\n<div class=\"node node--article node--teaser node--embed node--not-live node--live-finished node--share\" data-nid=\"3609622\" data-url=\"https:\/\/www.sd.rs\/vip\/vip\/bivsi-partner-jovane-jeremic-zapalio-drustveme-mreze-slikom-sa-plaze-zene-poludele-za-njegovim-izvajanim-telom-foto-2025-06-22\">\n<div class=\"node__content\">\n<h3 class=\"field field--title\">\n              <a href=\"https:\/\/www.sd.rs\/vip\/vip\/bivsi-partner-jovane-jeremic-zapalio-drustveme-mreze-slikom-sa-plaze-zene-poludele-za-njegovim-izvajanim-telom-foto-2025-06-22\" class=\"link\" target=\"_blank\" rel=\"noopener\">Biv\u0161i partner Jovane Jeremi\u0107 zapalio dru\u0161tveme mre\u017ee slikom sa pla\u017ee: \u017dene poludele za njegovim izvajanim telom (FOTO)<\/a><br \/>\n          <\/h3>\n<p>\n      <span class=\"date\">22.06.2025.<\/span><br \/>\n      <span class=\"time time--created\">16:54<\/span>\n    <\/p>\n<\/p><\/div>\n<\/div>\n<\/aside>\n<p>&#8211; Nau\u010dila sam posle razvoda, kad sam ostala sama sa dvoje dece, da mnogo vi\u0161e po\u0161tujem mu\u0161karce. Oni su provajderi, od njih se o\u010dekuje da uvek imaju. Recimo \u017eena, ako je lepa, ona se uda i sve stekne odjednom. \u017dena se uda i o\u010dekuje se da mu\u0161karac njoj pru\u017ei i da, on je provajder, ona je u ku\u0107i, pazi na decu, mu\u0161karac je taj koji mora da donese sve&#8230; Nije lako biti mu\u0161karac \u2013 rekla je Emina.<\/p>\n<\/p><\/div>\n<p><a href=\"https:\/\/www.sd.rs\/vip\/vip\/emina-jahovic-konacno-otkrila-istinu-zasto-je-ostavila-mustafu-hvala-bogu-sto-sam-se-razvela-2025-06-22\" target=\"_blank\" rel=\"noopener\">Source link <\/a><br \/>\n\nEmina Jahovi\u0107 kona\u010dno otkrila istinu za\u0161to je ostavila Mustafu: &#8220;Hvala Bogu \u0161to sam se razvela&#8221;<\/p>\n","protected":false},"excerpt":{"rendered":"<p>Godinama je \u0107utala, a sada je kona\u010dno progovorila. Peva\u010dica je otvorila du\u0161u i prvi put javno ispri\u010dala pravu istinu o&hellip;<\/p>\n","protected":false},"author":1,"featured_media":7947,"comment_status":"open","ping_status":"open","sticky":false,"template":"","format":"standard","meta":{"footnotes":""},"categories":[1],"tags":[],"class_list":["post-7946","post","type-post","status-publish","format-standard","has-post-thumbnail","hentry","category-oglasi-zitiste"],"_links":{"self":[{"href":"https:\/\/oglasi.infooglasi.rs\/oglasi\/oglasizitiste\/wp-json\/wp\/v2\/posts\/7946","targetHints":{"allow":["GET"]}}],"collection":[{"href":"https:\/\/oglasi.infooglasi.rs\/oglasi\/oglasizitiste\/wp-json\/wp\/v2\/posts"}],"about":[{"href":"https:\/\/oglasi.infooglasi.rs\/oglasi\/oglasizitiste\/wp-json\/wp\/v2\/types\/post"}],"author":[{"embeddable":true,"href":"https:\/\/oglasi.infooglasi.rs\/oglasi\/oglasizitiste\/wp-json\/wp\/v2\/users\/1"}],"replies":[{"embeddable":true,"href":"https:\/\/oglasi.infooglasi.rs\/oglasi\/oglasizitiste\/wp-json\/wp\/v2\/comments?post=7946"}],"version-history":[{"count":0,"href":"https:\/\/oglasi.infooglasi.rs\/oglasi\/oglasizitiste\/wp-json\/wp\/v2\/posts\/7946\/revisions"}],"wp:featuredmedia":[{"embeddable":true,"href":"https:\/\/oglasi.infooglasi.rs\/oglasi\/oglasizitiste\/wp-json\/wp\/v2\/media\/7947"}],"wp:attachment":[{"href":"https:\/\/oglasi.infooglasi.rs\/oglasi\/oglasizitiste\/wp-json\/wp\/v2\/media?parent=7946"}],"wp:term":[{"taxonomy":"category","embeddable":true,"href":"https:\/\/oglasi.infooglasi.rs\/oglasi\/oglasizitiste\/wp-json\/wp\/v2\/categories?post=7946"},{"taxonomy":"post_tag","embeddable":true,"href":"https:\/\/oglasi.infooglasi.rs\/oglasi\/oglasizitiste\/wp-json\/wp\/v2\/tags?post=7946"}],"curies":[{"name":"wp","href":"https:\/\/api.w.org\/{rel}","templated":true}]}}