{"id":101,"date":"2023-11-12T08:31:49","date_gmt":"2023-11-12T08:31:49","guid":{"rendered":"https:\/\/oglasi.infooglasi.rs\/oglasi\/blog\/2023\/11\/12\/na-svecanom-otvaranju-22-izdanja-serbia-fashion-week-a-kreacije-iz-22-zemlje-sveta-oglasi-palilula\/"},"modified":"2023-11-12T08:31:49","modified_gmt":"2023-11-12T08:31:49","slug":"na-svecanom-otvaranju-22-izdanja-serbia-fashion-week-a-kreacije-iz-22-zemlje-sveta-oglasi-palilula","status":"publish","type":"post","link":"https:\/\/oglasi.infooglasi.rs\/oglasi\/blog\/2023\/11\/12\/na-svecanom-otvaranju-22-izdanja-serbia-fashion-week-a-kreacije-iz-22-zemlje-sveta-oglasi-palilula\/","title":{"rendered":"Na sve\u010danom otvaranju 22. izdanja \u201cSerbia Fashion Week\u201d-a kreacije iz 22 zemlje sveta &#8211; OGLASI PALILULA"},"content":{"rendered":"<p><\/p>\n<div>\n<div>\n<div class=\"blog-post_media\">\n<div class=\"blog-post_media_part\"><img alt=\"\" src=\"https:\/\/i0.wp.com\/www.palilula.info\/wp-content\/uploads\/2023\/10\/SFW_2023_promo.jpg?fit=1170%2C650&amp;ssl=1\" decoding=\"async\" class=\"lazyload\"\/><noscript><img decoding=\"async\" src=\"https:\/\/i0.wp.com\/www.palilula.info\/wp-content\/uploads\/2023\/10\/SFW_2023_promo.jpg?fit=1170%2C650&amp;ssl=1\" alt=\"\" data-eio=\"l\"\/><\/noscript><\/div>\n<\/div>\n<p><strong>Nacionalna nedelja mode \u2013 Serbia Fashion Week je spreman za svoj najglamurozniji trenutak do sada! Sve\u010dano otvaranje ispred Srpskog narodnog pozori\u0161ta odr\u017eava se danas, 13. oktobra, a manifestacija \u0107e trajati do 17. oktobra<\/strong>.<span id=\"more-26770\"\/><\/p>\n<p>Organizatori najavljuju da ovo izdanje Serbia Fashion Week-a obe\u0107ava nezaboravan spektakl modne kreativnosti i magije, okupljaju\u0107i talentovane dizajnere iz \u010dak 22 zemlje \u0161irom sveta. Publika \u0107e imati \u010dast da svedo\u010di revijama dizajnera iz razli\u010ditih krajeva sveta. Pored Srbije i zemalja regiona, svoju kreativnost na ceremoniji sve\u010danog otvaranja prikaza\u0107e gosti iz <strong>Francuske, Italije, Rusije, Japana, \u0160vedske, Maroka, Malte, Singapura, Tajlanda, Kambod\u017ee, Gr\u010dke, Bugarske, Rumunije, Moldavije<\/strong>\u2026 Ovo je prilika da se svetlost reflektora usmeri na raznolikost i kreativnost modnog sveta. <\/p>\n<p>Na sve\u010danom otvaranju SFW, publiku o\u010dekuje posebno iznena\u0111enje \u2013 <strong>nastup 30 \u010dlanova ansambla Srpskog narodnog pozori\u0161ta<\/strong>, koji \u0107e upotpuniti ovo nezaboravno iskustvo. Ulaz za ovaj jedinstveni modno-kulturni spektakl je <strong>besplatan<\/strong>, \u0161to zna\u010di da <strong>svi ljubitelji mode imaju priliku da prisustvuju ovom neponovljivom doga\u0111aju<\/strong>. <\/p>\n<p>Narednog dana, <strong>Serbia Fashion Film Festival<\/strong> \u0107e doneti poseban program posve\u0107en modnom filmu, dok \u0107e se 15. i 16. oktobra odr\u017eavati uzbudljive modne revije u Master centru Novosadskog sajma. 22. izdanje Serbia Fashion Week-a zatvara se 17. oktobra seminarskim aktivnostima koje su oduvek bili jedan od za\u0161titnih znakova ove manifestacije. O\u010dekujte inspiraciju, edukaciju i jo\u0161 mnogo toga! <\/p>\n<p><strong>Serbia Fashion Week<\/strong> \u0107e i ovoga puta biti mesto gde moda i umetnost postaju jedno, gde se kreativnost slavi i gde se svako ve\u010de pretvara u bajku. <\/p>\n<p><strong>Serbia Fashion Week \u2013 mesto gde moda postaje magija!<\/strong><\/p>\n<h6>Foto: Serbia Fashion Week<\/h6>\n<table style=\"background-color: #ffe500;width:100%;table-layout:fixed;line-height:24px;\">\n<tr>\n<td>\n<div class=\"botton-info\">\n<p>Palilula.info <b>ne preuzima odgovornost<\/b> za ta\u010dnost i istinitost informacija prenetih iz spoljnih sadr\u017eaja odnosno drugih izvora, kao i za \u0161tetu koja eventualno iz toga, proistekne. Sve informacije objavljene u sekciji \u201cVesti\u201d su namenjene u svrhu op\u0161teg informisanja.<\/p>\n<p>Palilula.info je pokrenula svoju online <b>prodavnicu<\/b>, a kupovinom nekog od artikala <b>podr\u017eavate rad portala<\/b>.<\/p>\n<p>Pratite nas na na\u0161oj <a href=\"https:\/\/www.facebook.com\/palilula.info\" target=\"_blank\" style=\"color:#CF202A;\" rel=\"noopener\"><b>Facebook<\/b><\/a> i <a href=\"https:\/\/www.instagram.com\/palilula.info\/\" target=\"_blank\" style=\"color:#CF202A;\" rel=\"noopener\"><b>Instagram<\/b><\/a>\u00a0stranici i <a href=\"https:\/\/www.youtube.com\/@palilulainfo\" target=\"_blank\" style=\"color:#CF202A;\" rel=\"noopener\"><b>Youtube<\/b><\/a> nalogu.<\/p>\n<p>\t\t<a href=\"https:\/\/www.palilula.info\/podrzite-palilula-info\/\" class=\"btn btn-black\" target=\"_blank\" rel=\"noopener\">Podr\u017ei Palilula.info<\/a>\n\t<\/p>\n<\/div>\n<\/td>\n<\/tr>\n<\/table>\n<p><img decoding=\"async\" class=\"ss-hidden-pin-image jetpack-lazy-image\" alt=\"Na sve\u010danom otvaranju 22. izdanja \u201cSerbia Fashion Week\u201d-a kreacije iz 22 zemlje sveta\" data-pin-url=\"https:\/\/www.palilula.info\/vesti\/drustvo\/moda-i-lepota\/na-svecanom-otvaranju-22-izdanja-serbia-fashion-week-a-kreacije-iz-22-zemlje-sveta\/\" data-pin-media=\"https:\/\/i0.wp.com\/www.palilula.info\/wp-content\/uploads\/2023\/10\/SFW_2023_promo.jpg?fit=1170%2C650&amp;ssl=1\" data-pin-description=\"Na sve\u010danom otvaranju 22. izdanja \u201cSerbia Fashion Week\u201d-a kreacije iz 22 zemlje sveta\" src=\"https:\/\/i0.wp.com\/www.palilula.info\/wp-content\/uploads\/2023\/10\/SFW_2023_promo.jpg?fit=1170%2C650&amp;is-pending-load=1#038;ssl=1\" srcset=\"data:image\/gif;base64,R0lGODlhAQABAIAAAAAAAP\/\/\/yH5BAEAAAAALAAAAAABAAEAAAIBRAA7\"\/><noscript><img decoding=\"async\" data-lazy-fallback=\"1\" src=\"https:\/\/i0.wp.com\/www.palilula.info\/wp-content\/uploads\/2023\/10\/SFW_2023_promo.jpg?fit=1170%2C650&amp;ssl=1\" class=\"ss-hidden-pin-image\" alt=\"Na sve\u010danom otvaranju 22. izdanja \u201cSerbia Fashion Week\u201d-a kreacije iz 22 zemlje sveta\" data-pin-url=\"https:\/\/www.palilula.info\/vesti\/drustvo\/moda-i-lepota\/na-svecanom-otvaranju-22-izdanja-serbia-fashion-week-a-kreacije-iz-22-zemlje-sveta\/\" data-pin-media=\"https:\/\/i0.wp.com\/www.palilula.info\/wp-content\/uploads\/2023\/10\/SFW_2023_promo.jpg?fit=1170%2C650&amp;ssl=1\" data-pin-description=\"Na sve\u010danom otvaranju 22. izdanja \u201cSerbia Fashion Week\u201d-a kreacije iz 22 zemlje sveta\"\/><\/noscript>\t\t<!-- END .ss-inline-share-wrapper -->\n\t\t\t\t\t<\/p>\n<\/div>\n<p><a href=\"https:\/\/www.palilula.info\/vesti\/drustvo\/moda-i-lepota\/na-svecanom-otvaranju-22-izdanja-serbia-fashion-week-a-kreacije-iz-22-zemlje-sveta\/\" target=\"_blank\" rel=\"noopener\">Source link <\/a><br \/>Na sve\u010danom otvaranju 22. izdanja \u201cSerbia Fashion Week\u201d-a kreacije iz 22 zemlje sveta<\/p>\n<\/p><\/div>\n<p><script async defer src=\"https:\/\/platform.instagram.com\/en_US\/embeds.js\"><\/script><\/p>\n","protected":false},"excerpt":{"rendered":"<p>Nacionalna nedelja mode \u2013 Serbia Fashion Week je spreman za svoj najglamurozniji trenutak do sada! Sve\u010dano otvaranje ispred Srpskog narodnog&hellip;<\/p>\n","protected":false},"author":1,"featured_media":102,"comment_status":"open","ping_status":"open","sticky":false,"template":"","format":"standard","meta":{"footnotes":""},"categories":[1],"tags":[],"class_list":["post-101","post","type-post","status-publish","format-standard","has-post-thumbnail","hentry","category-oglasi"],"_links":{"self":[{"href":"https:\/\/oglasi.infooglasi.rs\/oglasi\/wp-json\/wp\/v2\/posts\/101","targetHints":{"allow":["GET"]}}],"collection":[{"href":"https:\/\/oglasi.infooglasi.rs\/oglasi\/wp-json\/wp\/v2\/posts"}],"about":[{"href":"https:\/\/oglasi.infooglasi.rs\/oglasi\/wp-json\/wp\/v2\/types\/post"}],"author":[{"embeddable":true,"href":"https:\/\/oglasi.infooglasi.rs\/oglasi\/wp-json\/wp\/v2\/users\/1"}],"replies":[{"embeddable":true,"href":"https:\/\/oglasi.infooglasi.rs\/oglasi\/wp-json\/wp\/v2\/comments?post=101"}],"version-history":[{"count":0,"href":"https:\/\/oglasi.infooglasi.rs\/oglasi\/wp-json\/wp\/v2\/posts\/101\/revisions"}],"wp:featuredmedia":[{"embeddable":true,"href":"https:\/\/oglasi.infooglasi.rs\/oglasi\/wp-json\/wp\/v2\/media\/102"}],"wp:attachment":[{"href":"https:\/\/oglasi.infooglasi.rs\/oglasi\/wp-json\/wp\/v2\/media?parent=101"}],"wp:term":[{"taxonomy":"category","embeddable":true,"href":"https:\/\/oglasi.infooglasi.rs\/oglasi\/wp-json\/wp\/v2\/categories?post=101"},{"taxonomy":"post_tag","embeddable":true,"href":"https:\/\/oglasi.infooglasi.rs\/oglasi\/wp-json\/wp\/v2\/tags?post=101"}],"curies":[{"name":"wp","href":"https:\/\/api.w.org\/{rel}","templated":true}]}}