{"id":134,"date":"2023-11-13T15:27:43","date_gmt":"2023-11-13T15:27:43","guid":{"rendered":"https:\/\/oglasi.infooglasi.rs\/oglasi\/blog\/2023\/11\/13\/obilazak-gradova-vojvodine-u-secesionistickom-stilu-hello-vojvodina-oglasi-coka\/"},"modified":"2023-11-13T15:27:43","modified_gmt":"2023-11-13T15:27:43","slug":"obilazak-gradova-vojvodine-u-secesionistickom-stilu-hello-vojvodina-oglasi-coka","status":"publish","type":"post","link":"https:\/\/oglasi.infooglasi.rs\/oglasi\/blog\/2023\/11\/13\/obilazak-gradova-vojvodine-u-secesionistickom-stilu-hello-vojvodina-oglasi-coka\/","title":{"rendered":"Obilazak gradova Vojvodine u secesionisti\u010dkom stilu \u2013 Hello Vojvodina &#8211; OGLASI \u010cOKA"},"content":{"rendered":"<p><\/p>\n<div>\n<p>Harmonije u op\u0161toj zbrci, razgranati biljni motivi, simetrija koju treba otkriti, arhitektonski d\u017eez\u2026 Jednom re\u010dju: secesija \u2013 pravac nastao krajem XIX i po\u010detkom XX veka zahvaljuju\u0107i ubrzanoj urbanizaciji, razvoju privrede i iznenadnim dru\u0161tvenim promenama. Ovaj pravac je ostavio svoj pe\u010dat na sve umetnosti i oblasti modernog \u017eivota. On nije samo stil u umetnosti, ve\u0107 i stil \u017eivota.<\/p>\n<p>\u00a0<\/p>\n<figure id=\"attachment_13697\" style=\"width: 650px\" class=\"wp-caption aligncenter\"><img loading=\"lazy\" decoding=\"async\" class=\"wp-image-13697\" src=\"http:\/\/hellovojvodina.com\/wp-content\/uploads\/2018\/06\/CIKK0001-01.jpg\" alt=\"\" width=\"650\" height=\"629\" srcset=\"https:\/\/hellovojvodina.com\/wp-content\/uploads\/2018\/06\/CIKK0001-01.jpg 983w, https:\/\/hellovojvodina.com\/wp-content\/uploads\/2018\/06\/CIKK0001-01-300x290.jpg 300w, https:\/\/hellovojvodina.com\/wp-content\/uploads\/2018\/06\/CIKK0001-01-768x743.jpg 768w\" sizes=\"auto, (max-width: 650px) 100vw, 650px\"\/><figcaption class=\"wp-caption-text\">Photo by: <a href=\"http:\/\/szegedtourism.hu\" target=\"_blank\" rel=\"noopener\">Szeged Tourism<\/a><\/figcaption><\/figure>\n<p>\u00a0<\/p>\n<p>Zahvaljuju\u0107i Edenu Lehneru i \u0110uli Parto\u0161u, osniva\u010dima Muzeja primenjene umetnosti u Budimpe\u0161ti, secesija dobija sve ve\u0107i prostor i u Subotici. Novi stil dobija na snazi izgradnjom Leovi\u0107 palate 1893.godine. Dok se u centrima ostalih gadova naj\u010de\u0161\u0107e nalazi crkva ili katedrala, u Subotici se iznad grada uzdi\u017ee toranj Gradske ku\u0107e. Ra\u0111ena je po projektu budimpe\u0161tanskih arhitekata Marcela Komora i De\u017eea Jakaba. Secesionisti\u010dka dekoracija ovde je oboga\u0107ena romanti\u010darskim motivima ma\u0111arskog folklora. \u0160etaju\u0107i hodnicima i salama zdanja, ako ne pazimo, lako mo\u017eemo zaboraviti na vreme dive\u0107i se obilju detalja ovog izuzetnog umetni\u010dkog blaga. Te\u0161ko je ne primetiti Rajhlovu palatu preko puta \u017eelezni\u010dke stanice. Arhitekta je ovu izuzetnu tvorevinu \u00a0u stilu ma\u0111arske varijante secesije podigao o svom tro\u0161ku, bez mecene. Rajhl na\u017ealost nije dugo u\u017eivao u svom izvanrednom umetni\u010dkom ostvarenju, ubrzo je zbog materijalnih pote\u0161ko\u0107a izgubio svoj dom. Sinagoga, Rajhlova palata, nekada\u0161nja palata Suboti\u010dke trgova\u010dke banke, palata hotela \u201eZlatno jagnje\u201d, Gradska najamna palata, Najamna ku\u0107a Sonenberga, palata Mik\u0161e Demetera (danas Gradski muzej Subotice), \u2013 sve ove gra\u0111evine doprinele su da se grad izdigne iz jedne u\u010dmale provincije iz romana De\u017eea Kostolanjija u sada\u0161nju modernu Suboticu.<\/p>\n<p>\u00a0<\/p>\n<p>\u00a0<\/p>\n<figure id=\"attachment_4895\" style=\"width: 649px\" class=\"wp-caption aligncenter\"><img loading=\"lazy\" decoding=\"async\" class=\"wp-image-4895 \" src=\"http:\/\/hellovojvodina.com\/wp-content\/uploads\/2018\/04\/Cikk001-Palics.jpg\" alt=\"\" width=\"649\" height=\"427\" srcset=\"https:\/\/hellovojvodina.com\/wp-content\/uploads\/2018\/04\/Cikk001-Palics.jpg 600w, https:\/\/hellovojvodina.com\/wp-content\/uploads\/2018\/04\/Cikk001-Palics-300x198.jpg 300w\" sizes=\"auto, (max-width: 649px) 100vw, 649px\"\/><figcaption class=\"wp-caption-text\">Photo by: <a href=\"http:\/\/wikimedia.org\" target=\"_blank\" rel=\"noopener\">Wikimedia: Gojko Gavrilo<\/a><\/figcaption><\/figure>\n<p>\u00a0<\/p>\n<p>Pali\u0107, svega osam kilometara udaljen od Subotice, krajem 19. veka va\u017eio je za veoma omiljenu banju i odmarali\u0161te. Zbog sve ve\u0107e popularnosti, po\u010detkom 20. veka pojavila se potreba za renoviranjem i pro\u0161irenjem banje. Posao je poveren \u010duvenim arhitektama Marselu Komoru i De\u017eeu Jakabu, koji su ve\u0107 stekli renome projektovanjem suboti\u010dke Gradske ku\u0107e i Sinagoge. Tandem je prionuo ogromnom poslu u duhu secesije, podr\u017eavane i od strane omladine,u \u010dijim plodovima do dana dana\u0161njeg \u00a0u\u017eivaju svi posetioci Pali\u0107a. Gra\u0111evine su inspirisane ma\u0111arskom varijantom secesije i folklorom Transilvanije. Sve se me\u0111usobno razlikuju, ali ih ipak povezuje izbor materijala, struktura i poznata pali\u0107ka crvena boja. Gra\u0111evine su zavr\u0161ene 1912. godine, tu spadaju Vodotoranj, Velika terasa, \u017denski \u0161trand, Muzi\u010dki paviljon i Spomen \u010desma. Vremenom svaka od ovih gra\u0111evina postala je obele\u017eje Pali\u0107a, i nakon sto godina i dalje privla\u010di one koji tra\u017ee odmor i zabavu.<\/p>\n<p>\u00a0<\/p>\n<p>\u00a0<\/p>\n<figure id=\"attachment_3720\" style=\"width: 652px\" class=\"wp-caption aligncenter\"><img decoding=\"async\" loading=\"lazy\" class=\"wp-image-3720 \" src=\"http:\/\/hellovojvodina.com\/wp-content\/uploads\/2018\/04\/CIKK002-thumb.jpg\" alt=\"\" width=\"652\" height=\"429\" srcset=\"https:\/\/hellovojvodina.com\/wp-content\/uploads\/2018\/04\/CIKK002-thumb.jpg 600w, https:\/\/hellovojvodina.com\/wp-content\/uploads\/2018\/04\/CIKK002-thumb-300x198.jpg 300w\" sizes=\"auto, (max-width: 652px) 100vw, 652px\"\/><figcaption class=\"wp-caption-text\">Photo by: <a href=\"http:\/\/www.aleksandarmilutinovic.com\" target=\"_blank\" rel=\"noopener\">Aleksandar Milutinovi\u0107<\/a><\/figcaption><\/figure>\n<p>\u00a0<\/p>\n<p>\u0160etaju\u0107i centrom Novog Sada, glavnog grada Vojvodine, svuda nas prate razgranati lijani Baumhorna Lipota. Nakon razgledanja Sinagoge preporu\u010dujemo odmor uz \u0161oljicu kafe ispod dvospratne palate Jo\u017eefa Menrata, a potom pribli\u017eavaju\u0107i se centru, sa leve strane, na uglu, otvara nam se prizor \u00a0nekada\u0161nje \u0160tedionice, dvospratnice u stilu be\u010dke varijante secesije. Tu je odmah i \u010daroban prizor palate Gvozdeni \u010covek, sagra\u0111ene po projektu Peklo Bele. Put nastavljamo prema Petrovaradinu, naime, u tvr\u0111avi, zahvaljuju\u0107i zaostav\u0161tini novosadske operske peva\u010dice Melanije Bugarinovi\u0107, posetioci imaju priliku da pogledaju jednu nesvakida\u0161nju izlo\u017ebu secesionisti\u010dkog name\u0161taja.<\/p>\n<p>\u00a0<\/p>\n<p>\u00a0<\/p>\n<figure id=\"attachment_4909\" style=\"width: 650px\" class=\"wp-caption aligncenter\"><img decoding=\"async\" loading=\"lazy\" class=\"wp-image-4909 \" src=\"http:\/\/hellovojvodina.com\/wp-content\/uploads\/2018\/04\/Cikk001-Zombor.jpg\" alt=\"\" width=\"650\" height=\"446\" srcset=\"https:\/\/hellovojvodina.com\/wp-content\/uploads\/2018\/04\/Cikk001-Zombor.jpg 1920w, https:\/\/hellovojvodina.com\/wp-content\/uploads\/2018\/04\/Cikk001-Zombor-300x206.jpg 300w, https:\/\/hellovojvodina.com\/wp-content\/uploads\/2018\/04\/Cikk001-Zombor-768x527.jpg 768w, https:\/\/hellovojvodina.com\/wp-content\/uploads\/2018\/04\/Cikk001-Zombor-1024x702.jpg 1024w\" sizes=\"auto, (max-width: 650px) 100vw, 650px\"\/><figcaption class=\"wp-caption-text\">Photo by: <a href=\"https:\/\/www.025info.rs\" target=\"_blank\" rel=\"noopener\">025.info<\/a><\/figcaption><\/figure>\n<p>\u00a0<\/p>\n<p>Ovaj tipi\u010dan ravni\u010darski gradi\u0107 bogate kulture u mnogo \u010demu mo\u017ee da se poredi sa Suboticom ili Segedinom. Ipak, dolazak secesije Sombor je do\u010dekao sa ve\u0107 formiranim arhitektonskim obele\u017ejima, ali se uop\u0161te nije ogradio ni od novog talasa koji je tada osvajao gradove Vojvodine. Za razliku od prethodno navedenih gradova, u Somboru nema kapitalnih zdanja gigantskih razmera. Tu posetioci umesto rasko\u0161i i pompe, sre\u0107u jednu umerenu varijantu ma\u0111arske secesije, bez tipi\u010dnih preterivanja. Jedini izuzetak je zgrada Muzi\u010dke \u0161kole sagra\u0111ena 1906. godine, dok ostale znamenitosti poput Vajdingerove palate ili Palate porodice Konjovi\u0107 osvajaju svojom geometrijom i \u010distotom linija. Bioskop Narodni je gra\u0111en kao vesnik jednog novog doba 1914. godine, nastao kao vizija jednog ponosnog Somborca, Ernesta Bo\u0161njaka, da Sombor pretvori u fabriku pokretnih slika. Grad je osim vrhunskih arhitekata iznedrio i izvanredne ma\u0111arske pisce kao \u0161to su Jano\u0161 Herceg i Mihalj Majtenji, i u Somboru se jo\u0161 uvek ose\u0107a duh prikazan u njihovom stvarala\u0161tvu.<\/p>\n<p>\u00a0<\/p>\n<p>\u00a0<\/p>\n<figure id=\"attachment_4914\" style=\"width: 651px\" class=\"wp-caption aligncenter\"><img decoding=\"async\" loading=\"lazy\" class=\"wp-image-4914\" src=\"http:\/\/hellovojvodina.com\/wp-content\/uploads\/2018\/04\/Cikk001-Zrenjanin.jpg\" alt=\"\" width=\"651\" height=\"433\" srcset=\"https:\/\/hellovojvodina.com\/wp-content\/uploads\/2018\/04\/Cikk001-Zrenjanin.jpg 1600w, https:\/\/hellovojvodina.com\/wp-content\/uploads\/2018\/04\/Cikk001-Zrenjanin-300x200.jpg 300w, https:\/\/hellovojvodina.com\/wp-content\/uploads\/2018\/04\/Cikk001-Zrenjanin-768x511.jpg 768w, https:\/\/hellovojvodina.com\/wp-content\/uploads\/2018\/04\/Cikk001-Zrenjanin-1024x682.jpg 1024w\" sizes=\"auto, (max-width: 651px) 100vw, 651px\"\/><figcaption class=\"wp-caption-text\">Photo by: <a href=\"http:\/\/wikimedia.org\" target=\"_blank\" rel=\"noopener\">Wikimedia: Mister No<\/a><\/figcaption><\/figure>\n<p>\u00a0<\/p>\n<p>Istorija \u201enajbanatskijeg\u201d grada ili \u201esrca Banata\u201d, Zrenjanina, \u010dvrsto se vezuje za proterivanje Turaka i isu\u0161ivanje mo\u010dvarnih predela. Jezgro grada je nastalo na begejskim adama i poluostrvima, zbog toga je reka od velikog zna\u010daja za Zrenjanin. Centar grada je sa\u010duvao svoj nekada\u0161nji oblik, a glavna ulica, oko koje je sagra\u0111en grad, postojala je ve\u0107 1716. godine. Ovde svaka ku\u0107a ima svoju \u201epri\u010du\u201d i ujedno je i spomenik kulture. Glavnu atrakciju glavne ulice predstavlja Gradska ku\u0107a izgra\u0111ena 1820. godine na osnovu projekta Jo\u017eefa Fi\u0161era, ali je njena fasada delo Edena Lehnera i \u0110ule Parto\u0161a iz 1887. godine, u stilu neobaroka. Neobarok je i kasnije ostao jedan od vladaju\u0107ih stilova u Zrenjaninu, ali ga ovde od ostalih stilova izdvaja njegovo me\u0161anje sa secesijom. Prva gradska moderna trgova\u010dka zgrada, robna ku\u0107a \u201eBence i sin\u201d bila je uzor gra\u0111evinama koje su je sledile, jer su kod nje prvi put arhitektonska re\u0161enja prilago\u0111ena njenoj trgova\u010dkoj funkciji. Ovaj primer sledio je i Lazar Dun\u0111erski koji je svoju staru pivaru modernizovao i pro\u0161irio u duhu secesije. Ako se na\u0111ete u Zrenjaninu, nipo\u0161to nemojte izostaviti \u201e\u0160eherezadu\u201d! \u00a0Ova ku\u0107a iz bajke sazidana je 1900. godine na osnovu projekta I\u0161tvana Barte, a investitor je bio poznati be\u010dkere\u010dki vlasnik kamenoreza\u010dke radionice Teodor Tuner koji ju je sagradio za poslovno-trgova\u010dke namene. Ku\u0107a poseduje i romanti\u010darska obele\u017eja, zbog toga spada u jednu od najinteresantnijih secesionisti\u010dkih gra\u0111evina.<\/p>\n<\/div>\n<p><a href=\"https:\/\/hellovojvodina.com\/sr\/szecesszios-varosnezes-vajdasagban\/\" target=\"_blank\" rel=\"noopener\">Source link <\/a><br \/>Obilazak gradova Vojvodine u secesionisti\u010dkom stilu \u2013 Hello Vojvodina<\/p>\n","protected":false},"excerpt":{"rendered":"<p>Harmonije u op\u0161toj zbrci, razgranati biljni motivi, simetrija koju treba otkriti, arhitektonski d\u017eez\u2026 Jednom re\u010dju: secesija \u2013 pravac nastao krajem&hellip;<\/p>\n","protected":false},"author":1,"featured_media":135,"comment_status":"open","ping_status":"open","sticky":false,"template":"","format":"standard","meta":{"footnotes":""},"categories":[1],"tags":[],"class_list":["post-134","post","type-post","status-publish","format-standard","has-post-thumbnail","hentry","category-oglasi"],"_links":{"self":[{"href":"https:\/\/oglasi.infooglasi.rs\/oglasi\/wp-json\/wp\/v2\/posts\/134","targetHints":{"allow":["GET"]}}],"collection":[{"href":"https:\/\/oglasi.infooglasi.rs\/oglasi\/wp-json\/wp\/v2\/posts"}],"about":[{"href":"https:\/\/oglasi.infooglasi.rs\/oglasi\/wp-json\/wp\/v2\/types\/post"}],"author":[{"embeddable":true,"href":"https:\/\/oglasi.infooglasi.rs\/oglasi\/wp-json\/wp\/v2\/users\/1"}],"replies":[{"embeddable":true,"href":"https:\/\/oglasi.infooglasi.rs\/oglasi\/wp-json\/wp\/v2\/comments?post=134"}],"version-history":[{"count":0,"href":"https:\/\/oglasi.infooglasi.rs\/oglasi\/wp-json\/wp\/v2\/posts\/134\/revisions"}],"wp:featuredmedia":[{"embeddable":true,"href":"https:\/\/oglasi.infooglasi.rs\/oglasi\/wp-json\/wp\/v2\/media\/135"}],"wp:attachment":[{"href":"https:\/\/oglasi.infooglasi.rs\/oglasi\/wp-json\/wp\/v2\/media?parent=134"}],"wp:term":[{"taxonomy":"category","embeddable":true,"href":"https:\/\/oglasi.infooglasi.rs\/oglasi\/wp-json\/wp\/v2\/categories?post=134"},{"taxonomy":"post_tag","embeddable":true,"href":"https:\/\/oglasi.infooglasi.rs\/oglasi\/wp-json\/wp\/v2\/tags?post=134"}],"curies":[{"name":"wp","href":"https:\/\/api.w.org\/{rel}","templated":true}]}}