{"id":167,"date":"2023-11-15T19:11:21","date_gmt":"2023-11-15T19:11:21","guid":{"rendered":"https:\/\/oglasi.infooglasi.rs\/oglasi\/blog\/2023\/11\/15\/zamenik-predsednika-skupstine-opstine-knjazevac-iz-redova-ujedinjene-seljacke-stranke-oglasi-knjazevac\/"},"modified":"2023-11-15T19:11:21","modified_gmt":"2023-11-15T19:11:21","slug":"zamenik-predsednika-skupstine-opstine-knjazevac-iz-redova-ujedinjene-seljacke-stranke-oglasi-knjazevac","status":"publish","type":"post","link":"https:\/\/oglasi.infooglasi.rs\/oglasi\/blog\/2023\/11\/15\/zamenik-predsednika-skupstine-opstine-knjazevac-iz-redova-ujedinjene-seljacke-stranke-oglasi-knjazevac\/","title":{"rendered":"Zamenik predsednika Skup\u0161tine op\u0161tine Knja\u017eevac iz redova Ujedinjene selja\u010dke stranke &#8211; OGLASI KNJA\u017dEVAC"},"content":{"rendered":"<p><\/p>\n<div id=\"post-2423\">&#13;<\/p>\n<nav role=\"navigation\" aria-label=\"Breadcrumbs\" class=\"breadcrumb-trail breadcrumbs\" itemprop=\"breadcrumb\">\n<ul class=\"trail-items\" itemscope=\"\" itemtype=\"http:\/\/schema.org\/BreadcrumbList\"><meta name=\"numberOfItems\" content=\"3\"\/><meta name=\"itemListOrder\" content=\"Ascending\"\/><\/p>\n<li itemprop=\"itemListElement\" itemscope=\"\" itemtype=\"http:\/\/schema.org\/ListItem\" class=\"trail-item trail-begin\"><a href=\"https:\/\/oglasi.infooglasi.rs\/oglasi\/oglasiknjazevac\/\" rel=\"home\" itemprop=\"item\"><span itemprop=\"name\">Home<\/span><\/a><meta itemprop=\"position\" content=\"1\"\/><\/li>\n<li itemprop=\"itemListElement\" itemscope=\"\" itemtype=\"http:\/\/schema.org\/ListItem\" class=\"trail-item\"><a href=\"https:\/\/oglasi.infooglasi.rs\/oglasi\/oglasiknjazevac\/category\/oglasi-knjazevac\/\" itemprop=\"item\"><span itemprop=\"name\">OGLASI KNJA\u017dEVAC<\/span><\/a><meta itemprop=\"position\" content=\"2\"\/><\/li>\n<li itemprop=\"itemListElement\" itemscope=\"\" itemtype=\"http:\/\/schema.org\/ListItem\" class=\"trail-item trail-end\"><span itemprop=\"item\"><span itemprop=\"name\">Zamenik predsednika Skup\u0161tine op\u0161tine Knja\u017eevac iz redova Ujedinjene selja\u010dke stranke \u2013 OGLASI KNJA\u017dEVAC<\/span><\/span><meta itemprop=\"position\" content=\"3\"\/><\/li>\n<\/ul>\n<\/nav>\n<p>\t\t\t<!-- .entry-header -->&#13;<br \/>\n\t\t\t\t\t<!-- .entry-meta -->&#13;<br \/>\n\t\t\t\t&#13;<br \/>\n\t&#13;<\/p>\n<div class=\"post-thumbnail\">\n\t\t\t\t<img width=\"1800\" height=\"1348\" src=\"https:\/\/oglasi.infooglasi.rs\/oglasi\/oglasiknjazevac\/wp-content\/uploads\/sites\/66\/2023\/11\/nove-prostorije-uss.jpg\" class=\"attachment-post-thumbnail size-post-thumbnail wp-post-image\" alt=\"\" decoding=\"async\" fetchpriority=\"high\" srcset=\"https:\/\/oglasi.infooglasi.rs\/oglasi\/oglasiknjazevac\/wp-content\/uploads\/sites\/66\/2023\/11\/nove-prostorije-uss.jpg 1800w, https:\/\/oglasi.infooglasi.rs\/oglasi\/oglasiknjazevac\/wp-content\/uploads\/sites\/66\/2023\/11\/nove-prostorije-uss-300x225.jpg 300w, https:\/\/oglasi.infooglasi.rs\/oglasi\/oglasiknjazevac\/wp-content\/uploads\/sites\/66\/2023\/11\/nove-prostorije-uss-1024x767.jpg 1024w, https:\/\/oglasi.infooglasi.rs\/oglasi\/oglasiknjazevac\/wp-content\/uploads\/sites\/66\/2023\/11\/nove-prostorije-uss-768x575.jpg 768w, https:\/\/oglasi.infooglasi.rs\/oglasi\/oglasiknjazevac\/wp-content\/uploads\/sites\/66\/2023\/11\/nove-prostorije-uss-1536x1150.jpg 1536w\" sizes=\"(max-width: 1800px) 100vw, 1800px\"\/>\t\t\t<\/div>\n<p><!-- .post-thumbnail -->&#13;<br \/>\n&#13;<br \/>\n\t\t&#13;<\/p>\n<div class=\"entry-content\">\n<div>\n<p><strong>Danas je u susednom Knja\u017eevcu konstituisana Skup\u0161tina, za predsednika je izabran Marko Stojanovi\u0107 iz redova Srpske napredne stranke, a za njegovog zamenika Igor Stevanovi\u0107, potpredsednik Ujedinjene selja\u010dke stranke sa sedi\u0161tem u Svrljigu.\u00a0<\/strong><\/p>\n<figure id=\"attachment_56582\" aria-describedby=\"caption-attachment-56582\" style=\"width: 1800px\" class=\"wp-caption alignnone\"><a href=\"https:\/\/www.svrljig.info\/wp-content\/uploads\/2020\/02\/nove-prostorije-uss.jpg\" target=\"_blank\" rel=\"noopener\"><img fetchpriority=\"high\" decoding=\"async\" class=\"size-full wp-image-56582\" src=\"https:\/\/www.svrljig.info\/wp-content\/uploads\/2020\/02\/nove-prostorije-uss.jpg\" alt=\"Nove prostorije Ujedinjene selja\u010dke stranke, foto: M.M.\" width=\"1800\" height=\"1348\" title=\"Zamenik predsednika Skup\u0161tine op\u0161tine Knja\u017eevac iz redova Ujedinjene selja\u010dke stranke 1\" srcset=\"https:\/\/www.svrljig.info\/wp-content\/uploads\/2020\/02\/nove-prostorije-uss.jpg 1800w, https:\/\/www.svrljig.info\/wp-content\/uploads\/2020\/02\/nove-prostorije-uss-100x75.jpg 100w, https:\/\/www.svrljig.info\/wp-content\/uploads\/2020\/02\/nove-prostorije-uss-768x575.jpg 768w, https:\/\/www.svrljig.info\/wp-content\/uploads\/2020\/02\/nove-prostorije-uss-1536x1150.jpg 1536w, https:\/\/www.svrljig.info\/wp-content\/uploads\/2020\/02\/nove-prostorije-uss-20x15.jpg 20w\" sizes=\"(max-width: 1800px) 100vw, 1800px\"\/><\/a><figcaption id=\"caption-attachment-56582\" class=\"wp-caption-text\">Nove prostorije Ujedinjene selja\u010dke stranke, foto: M.M.<\/figcaption><\/figure>\n<p>Stevanovi\u0107 je i ranijih godina vr\u0161io ovu funkciju, tako\u0111e u koaliciji sa Srpskom naprednom strankom, a taj posao \u0107e obavljati i naredne \u010detiri godine.<\/p>\n<p>Ujedinjena selja\u010dka stranka ima vi\u0161e od pedeset odbora u Srbiji i cilj da svojim delovanjem omogu\u0107i da se \u010duje glas radnika i seljaka.<\/p>\n<p>USS \u0107e se i u narednom periodu, zajedno sa koalicionim partnerima, zalagati za bolji \u017eivot gra\u0111ana u gradu i na selu.<\/p>\n<p>Predsednik Ujedinjene selja\u010dke stranke <strong>Milija Mileti\u0107<\/strong> isti\u010de da na nivou cele Srbije dobro funkcioni\u0161u odbori, da je veliki broj \u010dlanova u izvr\u0161noj vlasti, te da se napokon \u010duje glas sela i seljaka po lokalnim parlamentima, ali i u Narodnoj skup\u0161tini Republike Srbije gde je i on sam narodni poslanik i predstavlja Ujedinjenu selja\u010dku stranku, odnosno selo, male i devastirane op\u0161tine, seljake, radnike i poljoprivrednike.<\/p>\n<\/div>\n<p><a href=\"https:\/\/www.svrljig.info\/2022\/05\/26\/zamenik-predsednika-skupstine-opstine-knjazevac-iz-redova-ujedinjene-seljacke-stranke\/\" target=\"_blank\" rel=\"noopener\">Source link <\/a><br \/>Zamenik predsednika Skup\u0161tine op\u0161tine Knja\u017eevac iz redova Ujedinjene selja\u010dke stranke<\/p>\n<\/p><\/div>\n<p><!-- .entry-content -->&#13;<br \/>\n&#13;<br \/>\n\t<!-- .entry-footer -->&#13;\n<\/div>\n","protected":false},"excerpt":{"rendered":"<p>&#13; Home OGLASI KNJA\u017dEVAC Zamenik predsednika Skup\u0161tine op\u0161tine Knja\u017eevac iz redova Ujedinjene selja\u010dke stranke \u2013 OGLASI KNJA\u017dEVAC &#13; &#13; &#13;&hellip;<\/p>\n","protected":false},"author":1,"featured_media":168,"comment_status":"open","ping_status":"open","sticky":false,"template":"","format":"standard","meta":{"footnotes":""},"categories":[1],"tags":[],"class_list":["post-167","post","type-post","status-publish","format-standard","has-post-thumbnail","hentry","category-oglasi"],"_links":{"self":[{"href":"https:\/\/oglasi.infooglasi.rs\/oglasi\/wp-json\/wp\/v2\/posts\/167","targetHints":{"allow":["GET"]}}],"collection":[{"href":"https:\/\/oglasi.infooglasi.rs\/oglasi\/wp-json\/wp\/v2\/posts"}],"about":[{"href":"https:\/\/oglasi.infooglasi.rs\/oglasi\/wp-json\/wp\/v2\/types\/post"}],"author":[{"embeddable":true,"href":"https:\/\/oglasi.infooglasi.rs\/oglasi\/wp-json\/wp\/v2\/users\/1"}],"replies":[{"embeddable":true,"href":"https:\/\/oglasi.infooglasi.rs\/oglasi\/wp-json\/wp\/v2\/comments?post=167"}],"version-history":[{"count":0,"href":"https:\/\/oglasi.infooglasi.rs\/oglasi\/wp-json\/wp\/v2\/posts\/167\/revisions"}],"wp:featuredmedia":[{"embeddable":true,"href":"https:\/\/oglasi.infooglasi.rs\/oglasi\/wp-json\/wp\/v2\/media\/168"}],"wp:attachment":[{"href":"https:\/\/oglasi.infooglasi.rs\/oglasi\/wp-json\/wp\/v2\/media?parent=167"}],"wp:term":[{"taxonomy":"category","embeddable":true,"href":"https:\/\/oglasi.infooglasi.rs\/oglasi\/wp-json\/wp\/v2\/categories?post=167"},{"taxonomy":"post_tag","embeddable":true,"href":"https:\/\/oglasi.infooglasi.rs\/oglasi\/wp-json\/wp\/v2\/tags?post=167"}],"curies":[{"name":"wp","href":"https:\/\/api.w.org\/{rel}","templated":true}]}}