{"id":564,"date":"2023-11-29T02:18:57","date_gmt":"2023-11-29T02:18:57","guid":{"rendered":"http:\/\/oglasi.infooglasi.rs\/oglasi\/blog\/2023\/11\/29\/dveri-pecinci-su-obelezili-nedelju-porodice-humanitarnom-akcijom-oglasi-pecinci\/"},"modified":"2023-11-29T02:18:57","modified_gmt":"2023-11-29T02:18:57","slug":"dveri-pecinci-su-obelezili-nedelju-porodice-humanitarnom-akcijom-oglasi-pecinci","status":"publish","type":"post","link":"https:\/\/oglasi.infooglasi.rs\/oglasi\/blog\/2023\/11\/29\/dveri-pecinci-su-obelezili-nedelju-porodice-humanitarnom-akcijom-oglasi-pecinci\/","title":{"rendered":"Dveri Pe\u0107inci su obele\u017eili nedelju porodice humanitarnom akcijom &#8211; OGLASI PE\u0106INCI"},"content":{"rendered":"<p><\/p>\n<div id=\"post-4822\">&#13;<\/p>\n<nav role=\"navigation\" aria-label=\"Breadcrumbs\" class=\"breadcrumb-trail breadcrumbs\" itemprop=\"breadcrumb\">\n<ul class=\"trail-items\" itemscope=\"\" itemtype=\"http:\/\/schema.org\/BreadcrumbList\"><meta name=\"numberOfItems\" content=\"3\"\/><meta name=\"itemListOrder\" content=\"Ascending\"\/><\/p>\n<li itemprop=\"itemListElement\" itemscope=\"\" itemtype=\"http:\/\/schema.org\/ListItem\" class=\"trail-item trail-begin\"><a href=\"https:\/\/oglasi.infooglasi.rs\/oglasi\/oglasipecinci\/\" rel=\"home\" itemprop=\"item\"><span itemprop=\"name\">Home<\/span><\/a><meta itemprop=\"position\" content=\"1\"\/><\/li>\n<li itemprop=\"itemListElement\" itemscope=\"\" itemtype=\"http:\/\/schema.org\/ListItem\" class=\"trail-item\"><a href=\"https:\/\/oglasi.infooglasi.rs\/oglasi\/oglasipecinci\/category\/oglasi-pecinci\/\" itemprop=\"item\"><span itemprop=\"name\">OGLASI PE\u0106INCI<\/span><\/a><meta itemprop=\"position\" content=\"2\"\/><\/li>\n<li itemprop=\"itemListElement\" itemscope=\"\" itemtype=\"http:\/\/schema.org\/ListItem\" class=\"trail-item trail-end\"><span itemprop=\"item\"><span itemprop=\"name\">Dveri Pe\u0107inci su obele\u017eili nedelju porodice humanitarnom akcijom \u2013 OGLASI PE\u0106INCI<\/span><\/span><meta itemprop=\"position\" content=\"3\"\/><\/li>\n<\/ul>\n<\/nav>\n<p>\t\t\t<!-- .entry-header -->&#13;<br \/>\n\t\t\t\t\t<!-- .entry-meta -->&#13;<br \/>\n\t\t\t\t&#13;<br \/>\n\t&#13;<\/p>\n<div class=\"post-thumbnail\">\n\t\t\t\t<img width=\"960\" height=\"540\" src=\"https:\/\/oglasi.infooglasi.rs\/oglasi\/oglasipecinci\/wp-content\/uploads\/sites\/115\/2023\/11\/akcija-dveri-pecinci-2019-06-photocollage.jpg\" class=\"attachment-post-thumbnail size-post-thumbnail wp-post-image\" alt=\"\" decoding=\"async\" fetchpriority=\"high\" srcset=\"https:\/\/oglasi.infooglasi.rs\/oglasi\/oglasipecinci\/wp-content\/uploads\/sites\/115\/2023\/11\/akcija-dveri-pecinci-2019-06-photocollage.jpg 960w, https:\/\/oglasi.infooglasi.rs\/oglasi\/oglasipecinci\/wp-content\/uploads\/sites\/115\/2023\/11\/akcija-dveri-pecinci-2019-06-photocollage-300x169.jpg 300w, https:\/\/oglasi.infooglasi.rs\/oglasi\/oglasipecinci\/wp-content\/uploads\/sites\/115\/2023\/11\/akcija-dveri-pecinci-2019-06-photocollage-768x432.jpg 768w\" sizes=\"(max-width: 960px) 100vw, 960px\"\/>\t\t\t<\/div>\n<p><!-- .post-thumbnail -->&#13;<br \/>\n&#13;<br \/>\n\t\t&#13;<\/p>\n<div class=\"entry-content\">\n<div>\n<img decoding=\"async\" src=\"https:\/\/dveri.rs\/wp-content\/uploads\/2019\/10\/akcija-dveri-pecinci-2019-06-photocollage.jpg\" alt=\"Dveri Pe\u0107inci su obele\u017eili nedelju porodice humanitarnom akcijom\"\/><\/p>\n<h4 style=\"font-size: 22px;font-weight: bold;color:#222222\">Dveri Pe\u0107inci su obele\u017eili nedelju porodice humanitarnom akcijom pod nazivom: \u201eKome treba neka uzme \u2013 ko ima neka donese\u201c.<\/h4>\n<p> Tom prilikom Olivera Markovi\u0107 je istakla: \u201eU suludom vremenu suludog sistema, uvek postoji na\u010din da pobedi\u0161. Daju\u0107i od vi\u0161ka kada si u prilici i uzimaju\u0107i\u00a0 kada ti je potrebno uvek i uvek si deo velike porodice. Neka ovo traje na radost onih koji daju i na radost onih koji uzimaju.\u201c<\/p>\n<p><i>OO Dveri Pe\u0107inci<\/i><\/p>\n<\/div>\n<p><a href=\"https:\/\/dveri.rs\/lokalne-vesti\/dveri-pecinci-su-obelezili-nedelju-porodice-humanitarnom-akcijom?utm_source=rss&amp;utm_medium=rss&amp;utm_campaign=dveri-pecinci-su-obelezili-nedelju-porodice-humanitarnom-akcijom\" target=\"_blank\" rel=\"noopener\">Source link <\/a><br \/>Dveri Pe\u0107inci su obele\u017eili nedelju porodice humanitarnom akcijom<\/p>\n<\/p><\/div>\n<p><!-- .entry-content -->&#13;<br \/>\n&#13;<br \/>\n\t<!-- .entry-footer -->&#13;\n<\/div>\n","protected":false},"excerpt":{"rendered":"<p>&#13; Home OGLASI PE\u0106INCI Dveri Pe\u0107inci su obele\u017eili nedelju porodice humanitarnom akcijom \u2013 OGLASI PE\u0106INCI &#13; &#13; &#13; &#13; &#13;&hellip;<\/p>\n","protected":false},"author":1,"featured_media":565,"comment_status":"open","ping_status":"open","sticky":false,"template":"","format":"standard","meta":{"footnotes":""},"categories":[1],"tags":[],"class_list":["post-564","post","type-post","status-publish","format-standard","has-post-thumbnail","hentry","category-oglasi"],"_links":{"self":[{"href":"https:\/\/oglasi.infooglasi.rs\/oglasi\/wp-json\/wp\/v2\/posts\/564","targetHints":{"allow":["GET"]}}],"collection":[{"href":"https:\/\/oglasi.infooglasi.rs\/oglasi\/wp-json\/wp\/v2\/posts"}],"about":[{"href":"https:\/\/oglasi.infooglasi.rs\/oglasi\/wp-json\/wp\/v2\/types\/post"}],"author":[{"embeddable":true,"href":"https:\/\/oglasi.infooglasi.rs\/oglasi\/wp-json\/wp\/v2\/users\/1"}],"replies":[{"embeddable":true,"href":"https:\/\/oglasi.infooglasi.rs\/oglasi\/wp-json\/wp\/v2\/comments?post=564"}],"version-history":[{"count":0,"href":"https:\/\/oglasi.infooglasi.rs\/oglasi\/wp-json\/wp\/v2\/posts\/564\/revisions"}],"wp:featuredmedia":[{"embeddable":true,"href":"https:\/\/oglasi.infooglasi.rs\/oglasi\/wp-json\/wp\/v2\/media\/565"}],"wp:attachment":[{"href":"https:\/\/oglasi.infooglasi.rs\/oglasi\/wp-json\/wp\/v2\/media?parent=564"}],"wp:term":[{"taxonomy":"category","embeddable":true,"href":"https:\/\/oglasi.infooglasi.rs\/oglasi\/wp-json\/wp\/v2\/categories?post=564"},{"taxonomy":"post_tag","embeddable":true,"href":"https:\/\/oglasi.infooglasi.rs\/oglasi\/wp-json\/wp\/v2\/tags?post=564"}],"curies":[{"name":"wp","href":"https:\/\/api.w.org\/{rel}","templated":true}]}}