{"id":940,"date":"2023-12-09T06:11:51","date_gmt":"2023-12-09T06:11:51","guid":{"rendered":"https:\/\/oglasi.infooglasi.rs\/oglasi\/blog\/2023\/12\/09\/u-tutinu-otvoren-kulturni-centar-15-juli-oglasi-tutin\/"},"modified":"2023-12-09T06:11:51","modified_gmt":"2023-12-09T06:11:51","slug":"u-tutinu-otvoren-kulturni-centar-15-juli-oglasi-tutin","status":"publish","type":"post","link":"https:\/\/oglasi.infooglasi.rs\/oglasi\/blog\/2023\/12\/09\/u-tutinu-otvoren-kulturni-centar-15-juli-oglasi-tutin\/","title":{"rendered":"U Tutinu otvoren Kulturni centar &#8220;15.juli&#8221; &#8211; OGLASI TUTIN"},"content":{"rendered":"<p><\/p>\n<div id=\"post-6653\">&#13;<\/p>\n<nav role=\"navigation\" aria-label=\"Breadcrumbs\" class=\"breadcrumb-trail breadcrumbs\" itemprop=\"breadcrumb\"\/>\t\t\t<!-- .entry-header -->&#13;<br \/>\n\t\t\t\t\t<!-- .entry-meta -->&#13;<br \/>\n\t\t\t\t&#13;<br \/>\n\t&#13;<\/p>\n<div class=\"post-thumbnail\">\n\t\t\t\t<img width=\"1920\" height=\"1080\" src=\"https:\/\/oglasi.infooglasi.rs\/oglasi\/oglasitutin\/wp-content\/uploads\/sites\/152\/2023\/12\/png_20230717_081253_0000.png\" class=\"attachment-post-thumbnail size-post-thumbnail wp-post-image\" alt=\"\" decoding=\"async\" fetchpriority=\"high\" srcset=\"https:\/\/oglasi.infooglasi.rs\/oglasi\/oglasitutin\/wp-content\/uploads\/sites\/152\/2023\/12\/png_20230717_081253_0000.png 1920w, https:\/\/oglasi.infooglasi.rs\/oglasi\/oglasitutin\/wp-content\/uploads\/sites\/152\/2023\/12\/png_20230717_081253_0000-300x169.png 300w, https:\/\/oglasi.infooglasi.rs\/oglasi\/oglasitutin\/wp-content\/uploads\/sites\/152\/2023\/12\/png_20230717_081253_0000-1024x576.png 1024w, https:\/\/oglasi.infooglasi.rs\/oglasi\/oglasitutin\/wp-content\/uploads\/sites\/152\/2023\/12\/png_20230717_081253_0000-768x432.png 768w, https:\/\/oglasi.infooglasi.rs\/oglasi\/oglasitutin\/wp-content\/uploads\/sites\/152\/2023\/12\/png_20230717_081253_0000-1536x864.png 1536w\" sizes=\"(max-width: 1920px) 100vw, 1920px\"\/>\t\t\t<\/div>\n<p><!-- .post-thumbnail -->&#13;<br \/>\n&#13;<br \/>\n\t\t&#13;<\/p>\n<div class=\"entry-content\">\n<div id=\"post-5250\">\n<figure class=\"entry-thumbnail\">\n\t\t\t<img loading=\"lazy\" width=\"1260\" height=\"710\" src=\"https:\/\/020media.info\/wp-content\/uploads\/2023\/07\/png_20230717_081253_0000-1260x710.png\" class=\"attachment-short-news-fullwidth size-short-news-fullwidth wp-post-image\" alt=\"\" decoding=\"async\" srcset=\"https:\/\/020media.info\/wp-content\/uploads\/2023\/07\/png_20230717_081253_0000-1260x710.png 1260w, https:\/\/020media.info\/wp-content\/uploads\/2023\/07\/png_20230717_081253_0000-300x169.png 300w, https:\/\/020media.info\/wp-content\/uploads\/2023\/07\/png_20230717_081253_0000-1024x576.png 1024w, https:\/\/020media.info\/wp-content\/uploads\/2023\/07\/png_20230717_081253_0000-768x432.png 768w, https:\/\/020media.info\/wp-content\/uploads\/2023\/07\/png_20230717_081253_0000-1536x864.png 1536w, https:\/\/020media.info\/wp-content\/uploads\/2023\/07\/png_20230717_081253_0000.png 1920w\" sizes=\"auto, (max-width: 1260px) 100vw, 1260px\"\/>\t\t<\/figure>\n<div class=\"entry-content\">\n<h3><strong>U op\u0161tini Tutin otvoren je dugo o\u010dekivani Kulturni centar \u201c15.juli\u201d \u010diji naziv podsje\u0107a na datum neuspjelog vojnog pu\u010da u Turskoj kada je narod Turske odbranio Ustav ove zemlje, izlaskom na ulice kako bi se sukobili sa pu\u010distima.\u00a0<\/strong><\/h3>\n<p>Izgradnju ove ustanove pomogla je vlada Republike Turske na \u010delu sa svojim institucijama i konzulatom u Novom Pazaru, a na otvaranj prisustvovali su izme\u0111u ostalih, generalni konzul Turkiye u Novom Pazaru, Basar Basol, koordinator Turske agencije za saradnju i koordinaciju u Srbiji (TIKA) Mehmet Mete Anac i predsjednik op\u0161tine Tutin Salih Hot.<\/p>\n<p><img loading=\"lazy\" decoding=\"async\" class=\"size-medium wp-image-5252 aligncenter\" src=\"https:\/\/020media.info\/wp-content\/uploads\/2023\/07\/Screenshot_20230717_080918_com.facebook.lite_edit_604013683025054-300x165.jpg\" alt=\"\" width=\"300\" height=\"165\" srcset=\"https:\/\/020media.info\/wp-content\/uploads\/2023\/07\/Screenshot_20230717_080918_com.facebook.lite_edit_604013683025054-300x165.jpg 300w, https:\/\/020media.info\/wp-content\/uploads\/2023\/07\/Screenshot_20230717_080918_com.facebook.lite_edit_604013683025054-1024x562.jpg 1024w, https:\/\/020media.info\/wp-content\/uploads\/2023\/07\/Screenshot_20230717_080918_com.facebook.lite_edit_604013683025054-768x421.jpg 768w, https:\/\/020media.info\/wp-content\/uploads\/2023\/07\/Screenshot_20230717_080918_com.facebook.lite_edit_604013683025054.jpg 1065w\" sizes=\"auto, (max-width: 300px) 100vw, 300px\"\/><\/p>\n<p>Danas otvorenu instituciju u Tutinu opremila je, a prethodno prostorije renovirala TIKA s uverenjem da osim \u0161to \u0107e negovati se\u0107anje na 15. juli, ova institucija \u0107e dati zna\u010dajan doprinos dru\u0161tvenom i kulturnom \u017eivotu Tutina<\/p>\n<p><img loading=\"lazy\" decoding=\"async\" class=\"size-medium wp-image-5136 aligncenter\" src=\"https:\/\/020media.info\/wp-content\/uploads\/2023\/06\/Upoznaj-tutin-300x104.jpg\" alt=\"\" width=\"300\" height=\"104\" srcset=\"https:\/\/020media.info\/wp-content\/uploads\/2023\/06\/Upoznaj-tutin-300x104.jpg 300w, https:\/\/020media.info\/wp-content\/uploads\/2023\/06\/Upoznaj-tutin-1024x356.jpg 1024w, https:\/\/020media.info\/wp-content\/uploads\/2023\/06\/Upoznaj-tutin-768x267.jpg 768w, https:\/\/020media.info\/wp-content\/uploads\/2023\/06\/Upoznaj-tutin.jpg 1440w\" sizes=\"auto, (max-width: 300px) 100vw, 300px\"\/><\/p>\n<\/div>\n<\/div>\n<p><a href=\"https:\/\/020media.info\/2023\/07\/17\/u-tutinu-otvoren-kulturni-centar-15-juli\/?utm_source=rss&amp;utm_medium=rss&amp;utm_campaign=u-tutinu-otvoren-kulturni-centar-15-juli\" target=\"_blank\" rel=\"noopener\">Source link <\/a><br \/>U Tutinu otvoren Kulturni centar \u201c15.juli\u201d<\/p>\n<\/p><\/div>\n<p><!-- .entry-content -->&#13;<br \/>\n&#13;<br \/>\n\t<!-- .entry-footer -->&#13;\n<\/div>\n","protected":false},"excerpt":{"rendered":"<p>&#13; &#13; &#13; &#13; &#13; &#13; &#13; &#13; U op\u0161tini Tutin otvoren je dugo o\u010dekivani Kulturni centar \u201c15.juli\u201d \u010diji naziv&hellip;<\/p>\n","protected":false},"author":1,"featured_media":941,"comment_status":"open","ping_status":"open","sticky":false,"template":"","format":"standard","meta":{"footnotes":""},"categories":[1],"tags":[],"class_list":["post-940","post","type-post","status-publish","format-standard","has-post-thumbnail","hentry","category-oglasi"],"_links":{"self":[{"href":"https:\/\/oglasi.infooglasi.rs\/oglasi\/wp-json\/wp\/v2\/posts\/940","targetHints":{"allow":["GET"]}}],"collection":[{"href":"https:\/\/oglasi.infooglasi.rs\/oglasi\/wp-json\/wp\/v2\/posts"}],"about":[{"href":"https:\/\/oglasi.infooglasi.rs\/oglasi\/wp-json\/wp\/v2\/types\/post"}],"author":[{"embeddable":true,"href":"https:\/\/oglasi.infooglasi.rs\/oglasi\/wp-json\/wp\/v2\/users\/1"}],"replies":[{"embeddable":true,"href":"https:\/\/oglasi.infooglasi.rs\/oglasi\/wp-json\/wp\/v2\/comments?post=940"}],"version-history":[{"count":0,"href":"https:\/\/oglasi.infooglasi.rs\/oglasi\/wp-json\/wp\/v2\/posts\/940\/revisions"}],"wp:featuredmedia":[{"embeddable":true,"href":"https:\/\/oglasi.infooglasi.rs\/oglasi\/wp-json\/wp\/v2\/media\/941"}],"wp:attachment":[{"href":"https:\/\/oglasi.infooglasi.rs\/oglasi\/wp-json\/wp\/v2\/media?parent=940"}],"wp:term":[{"taxonomy":"category","embeddable":true,"href":"https:\/\/oglasi.infooglasi.rs\/oglasi\/wp-json\/wp\/v2\/categories?post=940"},{"taxonomy":"post_tag","embeddable":true,"href":"https:\/\/oglasi.infooglasi.rs\/oglasi\/wp-json\/wp\/v2\/tags?post=940"}],"curies":[{"name":"wp","href":"https:\/\/api.w.org\/{rel}","templated":true}]}}